{"id":5424,"date":"2023-03-04T20:30:39","date_gmt":"2023-03-04T19:30:39","guid":{"rendered":"https:\/\/www.cdlpv.org\/fitxes\/?p=5424"},"modified":"2023-04-07T10:35:14","modified_gmt":"2023-04-07T09:35:14","slug":"dalit","status":"publish","type":"post","link":"https:\/\/www.cdlpv.org\/fitxes\/dalit\/","title":{"rendered":"d\u00e0lit"},"content":{"rendered":"<p>Fa uns anys, segons el Cercaterm (consultes: febrer 2006; 16.05.2013):<\/p>\n<blockquote><p><strong>d\u00e0lit<\/strong><br \/>\n<em>ca<\/em>\u00a0d\u00e0lit, <em>m<\/em> i <em>f<\/em><br \/>\n<em>en<\/em>\u00a0dalit<br \/>\nAntropologia<\/p>\n<p><strong>Definici\u00f3<\/strong><br \/>\nIndividu de les castes m\u00e9s baixes en la societat \u00edndia.<\/p><\/blockquote>\n<p>Per\u00f2 posteriorment (consulta: 03.03.2023) ha preferit donar prioritat a la paraula <em>intocable <\/em>per a este concepte: <a href=\"https:\/\/www.termcat.cat\/es\/cercaterm\/fitxa\/NDY4MTg1Nw%3D%3D\" target=\"_blank\" rel=\"noopener\"><i class=\"fas fa-external-link-alt\" aria-label=\"Enlla\u00e7 al Termcat\"><\/i><\/a><\/p>\n<blockquote><p><em>ca<\/em> intocable, <em>n m, f<\/em><br \/>\n<em>es<\/em> dalit, <em>n m, f<\/em><br \/>\n<em>es<\/em> intocable, <em>n m, f<\/em><br \/>\n<em>en<\/em> dalit, <em>n<\/em><br \/>\n<em>en<\/em> untouchable, <em>n<\/em><br \/>\nClasses, grups i categories socials &gt; Classes i estaments socials &gt; Estaments socials<\/p>\n<p><strong>Definici\u00f3<\/strong><br \/>\nIndividu de les castes m\u00e9s baixes i marginades de la societat de l&#8217;\u00cdndia.<\/p><\/blockquote>\n<p>Encara que el Termcat sembla que ja no accepte la forma\u00a0<em>d\u00e0lit<\/em>, l&#8217;\u00fas d&#8217;estos anys \u00e9s possible que l&#8217;hagen fixada en el cabal l\u00e8xic dels mitjans, tal com podem vore encara en l&#8217;\u00c9sadir (consulta: 03.03.2023). <a href=\"https:\/\/esadir.cat\/entrades\/fitxa\/node\/dalit\" target=\"_blank\" rel=\"noopener\"><i class=\"fas fa-external-link-alt\" aria-label=\"Enlla\u00e7 a l\\'\u00c9sadir\"><\/i><\/a><\/p>\n<p>&nbsp;<\/p>\n","protected":false},"excerpt":{"rendered":"<p>Fa uns anys, segons el Cercaterm (consultes: febrer 2006; 16.05.2013): d\u00e0lit ca\u00a0d\u00e0lit, m i f en\u00a0dalit Antropologia Definici\u00f3 Individu de les castes m\u00e9s baixes en la societat \u00edndia. Per\u00f2 posteriorment (consulta: 03.03.2023) ha preferit donar prioritat a la paraula intocable per a este concepte: ca intocable, n m, f es dalit, n m, f es [&hellip;]<\/p>\n","protected":false},"author":1,"featured_media":0,"comment_status":"open","ping_status":"open","sticky":false,"template":"","format":"standard","meta":{"footnotes":""},"categories":[35],"tags":[17,13,53,91],"class_list":["post-5424","post","type-post","status-publish","format-standard","hentry","category-lletra-d","tag-lexic","tag-neologia","tag-revisions","tag-substantius"],"post_mailing_queue_ids":[],"_links":{"self":[{"href":"https:\/\/www.cdlpv.org\/fitxes\/wp-json\/wp\/v2\/posts\/5424","targetHints":{"allow":["GET"]}}],"collection":[{"href":"https:\/\/www.cdlpv.org\/fitxes\/wp-json\/wp\/v2\/posts"}],"about":[{"href":"https:\/\/www.cdlpv.org\/fitxes\/wp-json\/wp\/v2\/types\/post"}],"author":[{"embeddable":true,"href":"https:\/\/www.cdlpv.org\/fitxes\/wp-json\/wp\/v2\/users\/1"}],"replies":[{"embeddable":true,"href":"https:\/\/www.cdlpv.org\/fitxes\/wp-json\/wp\/v2\/comments?post=5424"}],"version-history":[{"count":5,"href":"https:\/\/www.cdlpv.org\/fitxes\/wp-json\/wp\/v2\/posts\/5424\/revisions"}],"predecessor-version":[{"id":5443,"href":"https:\/\/www.cdlpv.org\/fitxes\/wp-json\/wp\/v2\/posts\/5424\/revisions\/5443"}],"wp:attachment":[{"href":"https:\/\/www.cdlpv.org\/fitxes\/wp-json\/wp\/v2\/media?parent=5424"}],"wp:term":[{"taxonomy":"category","embeddable":true,"href":"https:\/\/www.cdlpv.org\/fitxes\/wp-json\/wp\/v2\/categories?post=5424"},{"taxonomy":"post_tag","embeddable":true,"href":"https:\/\/www.cdlpv.org\/fitxes\/wp-json\/wp\/v2\/tags?post=5424"}],"curies":[{"name":"wp","href":"https:\/\/api.w.org\/{rel}","templated":true}]}}