{"id":5367,"date":"2023-02-20T20:30:22","date_gmt":"2023-02-20T19:30:22","guid":{"rendered":"https:\/\/www.cdlpv.org\/fitxes\/?p=5367"},"modified":"2023-02-20T19:32:57","modified_gmt":"2023-02-20T18:32:57","slug":"cursar","status":"publish","type":"post","link":"https:\/\/www.cdlpv.org\/fitxes\/cursar\/","title":{"rendered":"cursar"},"content":{"rendered":"<p>L&#8217;accepci\u00f3 m\u00e8dica del verb <em>cursar<\/em> apareix en el <span class=\"versaleta\"><em><abbr title=\"Diccionari normatiu valenci\u00e0\">dnv<\/abbr><\/em><\/span> com a tercera accepci\u00f3: <a href=\"https:\/\/www.avl.gva.es\/lexicval\/?paraula=cursar\" target=\"_blank\" rel=\"noopener\"><i class=\"fas fa-external-link-alt\" title=\"Diccionari normatiu valenci\u00e0\" aria-label=\"Diccionari normatiu valenci\u00e0\"><\/i><\/a><\/p>\n<blockquote><p><strong>3.<\/strong> <em>v. intr. MED.\/PAT.<\/em> Desenrotllar-se, una malaltia o un s\u00edmptoma. <em>La grip sol cursar amb congesti\u00f3 nasal.<\/em><\/p><\/blockquote>\n<p>Este \u00fas no \u00e9s cap novetat, es pot documentar, com a m\u00ednim, des de mitjan segle <span class=\"versaleta\">xx<\/span>. El diccionari de l&#8217;<span class=\"versaleta\"><abbr title=\"Institut d'Estudis Catalans\">iec<\/abbr><\/span> encara no ha introdu\u00eft eixa accepci\u00f3, tot i que la podem localitzar tamb\u00e9 en el <span class=\"versaleta\"><em><abbr title=\"Diccionari descriptiu de la llengua caltanana\">ddlc<\/abbr><\/em><\/span> <a href=\"http:\/\/dcc.iec.cat\/ddlci\/scripts\/article.asp?id=res@P11543\" target=\"_blank\" rel=\"noopener\"><i class=\"fas fa-external-link-alt\" title=\"Diccionari descriptiu de la llengua catalana\"><\/i><\/a> del mateix institut (i en el <span class=\"versaleta\"><em><abbr title=\"Gran diccionari de la llengua catalana\">gdlc<\/abbr><\/em><\/span> <a href=\"https:\/\/www.diccionari.cat\/GDLC\/cursar#\" target=\"_blank\" rel=\"noopener\"><i class=\"fas fa-external-link-alt\" aria-label=\"Gran diccionari de la llengua catalana\"><\/i><\/a>).<\/p>\n","protected":false},"excerpt":{"rendered":"<p>L&#8217;accepci\u00f3 m\u00e8dica del verb cursar apareix en el dnv com a tercera accepci\u00f3: 3. v. intr. MED.\/PAT. Desenrotllar-se, una malaltia o un s\u00edmptoma. La grip sol cursar amb congesti\u00f3 nasal. Este \u00fas no \u00e9s cap novetat, es pot documentar, com a m\u00ednim, des de mitjan segle xx. El diccionari de l&#8217;iec encara no ha introdu\u00eft [&hellip;]<\/p>\n","protected":false},"author":1,"featured_media":0,"comment_status":"open","ping_status":"open","sticky":false,"template":"","format":"standard","meta":{"footnotes":""},"categories":[14],"tags":[72,17,6,62],"class_list":["post-5367","post","type-post","status-publish","format-standard","hentry","category-lletra-c","tag-diccionaris","tag-lexic","tag-medicina","tag-verbs"],"post_mailing_queue_ids":[],"_links":{"self":[{"href":"https:\/\/www.cdlpv.org\/fitxes\/wp-json\/wp\/v2\/posts\/5367","targetHints":{"allow":["GET"]}}],"collection":[{"href":"https:\/\/www.cdlpv.org\/fitxes\/wp-json\/wp\/v2\/posts"}],"about":[{"href":"https:\/\/www.cdlpv.org\/fitxes\/wp-json\/wp\/v2\/types\/post"}],"author":[{"embeddable":true,"href":"https:\/\/www.cdlpv.org\/fitxes\/wp-json\/wp\/v2\/users\/1"}],"replies":[{"embeddable":true,"href":"https:\/\/www.cdlpv.org\/fitxes\/wp-json\/wp\/v2\/comments?post=5367"}],"version-history":[{"count":6,"href":"https:\/\/www.cdlpv.org\/fitxes\/wp-json\/wp\/v2\/posts\/5367\/revisions"}],"predecessor-version":[{"id":5379,"href":"https:\/\/www.cdlpv.org\/fitxes\/wp-json\/wp\/v2\/posts\/5367\/revisions\/5379"}],"wp:attachment":[{"href":"https:\/\/www.cdlpv.org\/fitxes\/wp-json\/wp\/v2\/media?parent=5367"}],"wp:term":[{"taxonomy":"category","embeddable":true,"href":"https:\/\/www.cdlpv.org\/fitxes\/wp-json\/wp\/v2\/categories?post=5367"},{"taxonomy":"post_tag","embeddable":true,"href":"https:\/\/www.cdlpv.org\/fitxes\/wp-json\/wp\/v2\/tags?post=5367"}],"curies":[{"name":"wp","href":"https:\/\/api.w.org\/{rel}","templated":true}]}}