{"id":533,"date":"2016-04-28T18:30:35","date_gmt":"2016-04-28T16:30:35","guid":{"rendered":"http:\/\/www.cdlpv.org\/fitxes\/?p=533"},"modified":"2024-06-20T21:02:48","modified_gmt":"2024-06-20T19:02:48","slug":"xambit","status":"publish","type":"post","link":"https:\/\/www.cdlpv.org\/fitxes\/xambit\/","title":{"rendered":"x\u00e0mbit"},"content":{"rendered":"<p>Segons el <span class=\"versaleta\"><em>dnv<\/em><\/span> de l&#8217;<span class=\"versaleta\">avl<\/span>: <a href=\"https:\/\/www.avl.gva.es\/lexicval\/?paraula=x\u00e0mbit\" target=\"_blank\" rel=\"noopener\"><i class=\"fas fa-external-link-alt\"><\/i><\/a><\/p>\n<blockquote><p><strong>x\u00e0mbit<\/strong><em> m. ALIM.<\/em> Gelat que es col\u00b7loca entre dos galletes de neula.<\/p><\/blockquote>\n<p><span class=\"versaleta\"><em>colomina<\/em><\/span> troba esta paraula en <em>Mat\u00e8ria de Bretanya<\/em> de Carmelina S\u00e1nchez Cutillas: \u00abmesures de crema gelada entre dues galetes de vainilla\u00bb. Tamb\u00e9 dona la refer\u00e8ncia <em>x\u00e0nvit<\/em> (i <em>xanvitero<\/em> &#8216;persona que els ven&#8217;) en el <em>Diccionario de Altea y sus cosas<\/em> de Ramon Llorens Barber (1895): &#8216;gelat en forma rectangular col\u00b7locat entre dues galetes de neula&#8217;.<\/p>\n<p>A la Vila hi ha <em>xanvi<\/em>, a Alcoi <em>xambi<\/em> (i <em>xambilero<\/em>), a Cocentaina <em>x\u00e0mbit<\/em> (i <em>xambitero<\/em>), i a M\u00farcia, Oriola i Cartagena, <em>chambi<\/em> (i <em>chambilero<\/em> a les dos \u00faltimes localitats). El\u00a0<em>Tresor del valenci\u00e0 meridional <\/em>(2019) dona la informaci\u00f3 seg\u00fcent: <a href=\"https:\/\/www.cervantesvirtual.com\/descargaPdf\/tresor-del-valencia-meridional-diccionari-tematic-i-fraseologic-969664\/\" target=\"_blank\" rel=\"noopener\"><i class=\"fas fa-file-pdf\"><\/i><\/a><\/p>\n<blockquote><p>x\u00e0mbit\u00b0 (Cocentaina) (28) (29) (Alcoi) (a1)<br \/>\nxambi (Alcoi) (28) (29) (Beneixama) (33) (Alacant) (29)<br \/>\nxamvi (Cocentaina)<br \/>\nxanvi (La Vila) (28) (29)<br \/>\nxambiter -a\u00b0 \u21d2 II.9.B. TREBALL&gt; OFICIS<br \/>\nxambilero (Alcoi) (a1)<\/p><\/blockquote>\n<p>L&#8217;etimologia sembla evident, i apareix ja recollida en el <em>Vocabulario del dialecto murciano<\/em> de justo Garc\u00eda Soriano (1932): de l&#8217;angl\u00e9s <em>sandwich<\/em>.<\/p>\n<h3>La pron\u00fancia <em>x\u00e8nvit<\/em><\/h3>\n<p>Abans que apareguera en el diccoinari, jo haguera dit que es pronunciava <em>x\u00e8nvit<\/em> (aixina ho haguera escrit), tal com em semblava haver-ho sentit sempre a Carcaixent, per\u00f2 ma tia Xelo (69 anys; juliol del 2004) em va dir <em>x\u00e8mbit<\/em> (i <em>xembitero<\/em>), tot i que si hi ha bilabial o labiodental en eixa posici\u00f3 \u00e9s una cosa que no vaig aconseguir captar del tot.Tamb\u00e9 em va explicar que eixa mesura de gelat amb dos galetes (o amb quatre, els m\u00e9s cars) es fea amb una mena d&#8217;aparell de gelater que permetia diverses mesures de gelat, segons el preu, i que treia el <em>x\u00e0mbit<\/em> fet amb les galetes mitjan\u00e7ant un mecanisme (moll o palanca, no ho s\u00e9 segur).<\/p>\n","protected":false},"excerpt":{"rendered":"<p>Segons el dnv de l&#8217;avl: x\u00e0mbit m. ALIM. Gelat que es col\u00b7loca entre dos galletes de neula. colomina troba esta paraula en Mat\u00e8ria de Bretanya de Carmelina S\u00e1nchez Cutillas: \u00abmesures de crema gelada entre dues galetes de vainilla\u00bb. Tamb\u00e9 dona la refer\u00e8ncia x\u00e0nvit (i xanvitero &#8216;persona que els ven&#8217;) en el Diccionario de Altea y [&hellip;]<\/p>\n","protected":false},"author":1,"featured_media":0,"comment_status":"open","ping_status":"open","sticky":false,"template":"","format":"standard","meta":{"footnotes":""},"categories":[54],"tags":[17,53,91],"class_list":["post-533","post","type-post","status-publish","format-standard","hentry","category-lletra-x","tag-lexic","tag-revisions","tag-substantius"],"post_mailing_queue_ids":[],"_links":{"self":[{"href":"https:\/\/www.cdlpv.org\/fitxes\/wp-json\/wp\/v2\/posts\/533","targetHints":{"allow":["GET"]}}],"collection":[{"href":"https:\/\/www.cdlpv.org\/fitxes\/wp-json\/wp\/v2\/posts"}],"about":[{"href":"https:\/\/www.cdlpv.org\/fitxes\/wp-json\/wp\/v2\/types\/post"}],"author":[{"embeddable":true,"href":"https:\/\/www.cdlpv.org\/fitxes\/wp-json\/wp\/v2\/users\/1"}],"replies":[{"embeddable":true,"href":"https:\/\/www.cdlpv.org\/fitxes\/wp-json\/wp\/v2\/comments?post=533"}],"version-history":[{"count":3,"href":"https:\/\/www.cdlpv.org\/fitxes\/wp-json\/wp\/v2\/posts\/533\/revisions"}],"predecessor-version":[{"id":6964,"href":"https:\/\/www.cdlpv.org\/fitxes\/wp-json\/wp\/v2\/posts\/533\/revisions\/6964"}],"wp:attachment":[{"href":"https:\/\/www.cdlpv.org\/fitxes\/wp-json\/wp\/v2\/media?parent=533"}],"wp:term":[{"taxonomy":"category","embeddable":true,"href":"https:\/\/www.cdlpv.org\/fitxes\/wp-json\/wp\/v2\/categories?post=533"},{"taxonomy":"post_tag","embeddable":true,"href":"https:\/\/www.cdlpv.org\/fitxes\/wp-json\/wp\/v2\/tags?post=533"}],"curies":[{"name":"wp","href":"https:\/\/api.w.org\/{rel}","templated":true}]}}