{"id":5268,"date":"2022-12-14T20:30:36","date_gmt":"2022-12-14T19:30:36","guid":{"rendered":"https:\/\/www.cdlpv.org\/fitxes\/?p=5268"},"modified":"2023-01-16T09:54:54","modified_gmt":"2023-01-16T08:54:54","slug":"ofegabous","status":"publish","type":"post","link":"https:\/\/www.cdlpv.org\/fitxes\/ofegabous\/","title":{"rendered":"ofegabous"},"content":{"rendered":"<p>L&#8217;ofegabous <em><span class=\"definicio\">(<\/span><span class=\"definicioDes\">Pleurodeles waltl<\/span><span class=\"definicio\">) <\/span><\/em><a href=\"https:\/\/ca.wikipedia.org\/wiki\/Ofegabous\" target=\"_blank\" rel=\"noopener\"><span class=\"definicio\"><i class=\"fas fa-external-link-alt\"><\/i> <\/span><\/a><span class=\"definicio\">\u00e9s un amfibi que tamb\u00e9 rep el nom <em>papapeixos <\/em>(les dos formes apareixen en els diccionaris acad\u00e8mics).<\/span><\/p>\n<p><span class=\"definicio\">A banda d&#8217;eixes dos formes, durant uns quants anys s&#8217;ha utilitzat tamb\u00e9 una forma, <em>peixmar\u00ed<\/em>, que despr\u00e9s de la nostra consulta el Termcat (12.12.2022) ha resolt que conv\u00e9 descartar-la:<\/span><\/p>\n<blockquote><p>La forma <em>peixmar\u00ed<\/em> es va incloure originalment amb la grafia <em>peix-mar\u00ed<\/em> com a sin\u00f2nim complementari en la fitxa <em>ofegabous<\/em> durant l&#8217;aprovaci\u00f3, per part del Consell Supervisor, d&#8217;una llista de noms d&#8217;amfibis i r\u00e8ptils proposada per la Societat Catalana d&#8217;Herpetologia, filial de l&#8217;Institut d&#8217;Estudis Catalans. En aquell moment, la forma <em>peix-mar\u00ed<\/em> es va documentar en un article publicat al <em>Butllet\u00ed de la Societat Catalana d&#8217;Herpetologia<\/em> l&#8217;any 1985. Posteriorment, arran dels canvis sobre l&#8217;\u00fas del guionet que va introduir la Secci\u00f3 Filol\u00f2gica [de l&#8217;Institut d&#8217;Estudis Catalans], es va canviar la forma <em>peix-mar\u00ed<\/em> per <em>peixmar\u00ed<\/em>. Tanmateix, no s&#8217;ha constatat l&#8217;\u00fas d&#8217;aquesta forma en obres especialitzades posteriors. Aix\u00ed doncs, adequarem la fitxa <em>ofegabous<\/em> de la Neoloteca al que recull el diccionari normatiu (<em>ofegabous<\/em>\u00a0com a terme principal i <em>papapeixos<\/em> com a sin\u00f2nim complementari) i eliminarem la forma <em>peixmar\u00ed<\/em>.<\/p><\/blockquote>\n","protected":false},"excerpt":{"rendered":"<p>L&#8217;ofegabous (Pleurodeles waltl) \u00e9s un amfibi que tamb\u00e9 rep el nom papapeixos (les dos formes apareixen en els diccionaris acad\u00e8mics). A banda d&#8217;eixes dos formes, durant uns quants anys s&#8217;ha utilitzat tamb\u00e9 una forma, peixmar\u00ed, que despr\u00e9s de la nostra consulta el Termcat (12.12.2022) ha resolt que conv\u00e9 descartar-la: La forma peixmar\u00ed es va incloure [&hellip;]<\/p>\n","protected":false},"author":1,"featured_media":0,"comment_status":"open","ping_status":"open","sticky":false,"template":"","format":"standard","meta":{"footnotes":""},"categories":[5],"tags":[164,17,91,47],"class_list":["post-5268","post","type-post","status-publish","format-standard","hentry","category-lletra-o","tag-amfibis","tag-lexic","tag-substantius","tag-termcat"],"post_mailing_queue_ids":[],"_links":{"self":[{"href":"https:\/\/www.cdlpv.org\/fitxes\/wp-json\/wp\/v2\/posts\/5268","targetHints":{"allow":["GET"]}}],"collection":[{"href":"https:\/\/www.cdlpv.org\/fitxes\/wp-json\/wp\/v2\/posts"}],"about":[{"href":"https:\/\/www.cdlpv.org\/fitxes\/wp-json\/wp\/v2\/types\/post"}],"author":[{"embeddable":true,"href":"https:\/\/www.cdlpv.org\/fitxes\/wp-json\/wp\/v2\/users\/1"}],"replies":[{"embeddable":true,"href":"https:\/\/www.cdlpv.org\/fitxes\/wp-json\/wp\/v2\/comments?post=5268"}],"version-history":[{"count":5,"href":"https:\/\/www.cdlpv.org\/fitxes\/wp-json\/wp\/v2\/posts\/5268\/revisions"}],"predecessor-version":[{"id":5324,"href":"https:\/\/www.cdlpv.org\/fitxes\/wp-json\/wp\/v2\/posts\/5268\/revisions\/5324"}],"wp:attachment":[{"href":"https:\/\/www.cdlpv.org\/fitxes\/wp-json\/wp\/v2\/media?parent=5268"}],"wp:term":[{"taxonomy":"category","embeddable":true,"href":"https:\/\/www.cdlpv.org\/fitxes\/wp-json\/wp\/v2\/categories?post=5268"},{"taxonomy":"post_tag","embeddable":true,"href":"https:\/\/www.cdlpv.org\/fitxes\/wp-json\/wp\/v2\/tags?post=5268"}],"curies":[{"name":"wp","href":"https:\/\/api.w.org\/{rel}","templated":true}]}}