{"id":5244,"date":"2022-12-07T20:30:01","date_gmt":"2022-12-07T19:30:01","guid":{"rendered":"https:\/\/www.cdlpv.org\/fitxes\/?p=5244"},"modified":"2023-01-03T09:35:53","modified_gmt":"2023-01-03T08:35:53","slug":"alzheimer","status":"publish","type":"post","link":"https:\/\/www.cdlpv.org\/fitxes\/alzheimer\/","title":{"rendered":"alzh\u00e8imer"},"content":{"rendered":"<p>Segons explica la <em><span class=\"versaleta\">gec <\/span><\/em>(consulta: 1986; 07.12.2022)\u00a0<a href=\"https:\/\/www.enciclopedia.cat\/gran-enciclopedia-catalana\/alois-alzheimer\" target=\"_blank\" rel=\"noopener\"><i class=\"fas fa-external-link-alt\"><\/i><\/a> Alois Alzheimer (Markbreit, Baviera 1864 &#8211; Breslau 1915) va ser un metge alemany, que \u00abha donat nom a una forma espec\u00edfica de dem\u00e8ncia presenil (malaltia d&#8217;Alzheimer) i a unes lesions molt caracter\u00edstiques de la glia en els processos de demenciaci\u00f3 (plaques d&#8217;Alzheimer)\u00bb.<\/p>\n<p>La forma \u00abl&#8217;alzheimer\u00bb per a fer refer\u00e8ncia la malaltia havia estat adoptada en valenci\u00e0 pel Salt 2.0 (al voltant de l&#8217;any 2000), tot i que amb l&#8217;errada de no haver-hi incl\u00f2s l&#8217;accent. Cal escriure \u00abl&#8217;alzh\u00e8imer\u00bb, tal com es fa en altres casos (<em>Diesel<\/em> \/ <em>di\u00e8sel<\/em>, per exemple), distingint entre el nom de la persona i el nom de la malaltia (substantiu com\u00fa adaptat):<\/p>\n<blockquote><p>\u00abla malaltia de l&#8217;alzh\u00e8imer\u00bb, \u00abmalalts d&#8217;alzh\u00e8imer\u00bb, \u00abcasos d&#8217;alzh\u00e8imer\u00bb<br \/>\n<strong>Per\u00f2:<\/strong><br \/>\n\u00abla malaltia d&#8217;Alzheimer\u00bb.<\/p><\/blockquote>\n<p>La denominaci\u00f3 de la malaltia apareix adaptada en espanyol en el <em><span class=\"versaleta\">dpnh<\/span><\/em>: \u00abel alzh\u00e9imer\u00bb, <a href=\"https:\/\/www.rae.es\/dpd\/alzh%C3%A9imer\" target=\"_blank\" rel=\"noopener\"><i class=\"fas fa-external-link-alt\"><\/i><\/a> i posteriorment tamb\u00e9 en el <em><span class=\"versaleta\">drae<\/span><\/em>.<\/p>\n","protected":false},"excerpt":{"rendered":"<p>Segons explica la gec (consulta: 1986; 07.12.2022)\u00a0 Alois Alzheimer (Markbreit, Baviera 1864 &#8211; Breslau 1915) va ser un metge alemany, que \u00abha donat nom a una forma espec\u00edfica de dem\u00e8ncia presenil (malaltia d&#8217;Alzheimer) i a unes lesions molt caracter\u00edstiques de la glia en els processos de demenciaci\u00f3 (plaques d&#8217;Alzheimer)\u00bb. La forma \u00abl&#8217;alzheimer\u00bb per a fer [&hellip;]<\/p>\n","protected":false},"author":1,"featured_media":0,"comment_status":"open","ping_status":"open","sticky":false,"template":"","format":"standard","meta":{"footnotes":""},"categories":[18],"tags":[163,17,6,53],"class_list":["post-5244","post","type-post","status-publish","format-standard","hentry","category-lletra-a","tag-eponims","tag-lexic","tag-medicina","tag-revisions"],"post_mailing_queue_ids":[],"_links":{"self":[{"href":"https:\/\/www.cdlpv.org\/fitxes\/wp-json\/wp\/v2\/posts\/5244","targetHints":{"allow":["GET"]}}],"collection":[{"href":"https:\/\/www.cdlpv.org\/fitxes\/wp-json\/wp\/v2\/posts"}],"about":[{"href":"https:\/\/www.cdlpv.org\/fitxes\/wp-json\/wp\/v2\/types\/post"}],"author":[{"embeddable":true,"href":"https:\/\/www.cdlpv.org\/fitxes\/wp-json\/wp\/v2\/users\/1"}],"replies":[{"embeddable":true,"href":"https:\/\/www.cdlpv.org\/fitxes\/wp-json\/wp\/v2\/comments?post=5244"}],"version-history":[{"count":3,"href":"https:\/\/www.cdlpv.org\/fitxes\/wp-json\/wp\/v2\/posts\/5244\/revisions"}],"predecessor-version":[{"id":5257,"href":"https:\/\/www.cdlpv.org\/fitxes\/wp-json\/wp\/v2\/posts\/5244\/revisions\/5257"}],"wp:attachment":[{"href":"https:\/\/www.cdlpv.org\/fitxes\/wp-json\/wp\/v2\/media?parent=5244"}],"wp:term":[{"taxonomy":"category","embeddable":true,"href":"https:\/\/www.cdlpv.org\/fitxes\/wp-json\/wp\/v2\/categories?post=5244"},{"taxonomy":"post_tag","embeddable":true,"href":"https:\/\/www.cdlpv.org\/fitxes\/wp-json\/wp\/v2\/tags?post=5244"}],"curies":[{"name":"wp","href":"https:\/\/api.w.org\/{rel}","templated":true}]}}