{"id":5218,"date":"2022-11-17T20:30:32","date_gmt":"2022-11-17T19:30:32","guid":{"rendered":"https:\/\/www.cdlpv.org\/fitxes\/?p=5218"},"modified":"2023-01-03T09:38:15","modified_gmt":"2023-01-03T08:38:15","slug":"de-tarus","status":"publish","type":"post","link":"https:\/\/www.cdlpv.org\/fitxes\/de-tarus\/","title":{"rendered":"de tar\u00fas"},"content":{"rendered":"<p>El diccionari de l&#8217;<span class=\"versaleta\">avl<\/span> cont\u00e9 la locuci\u00f3\u00a0<em>a tar\u00fas<\/em> &#8216;a orri, a granel&#8217;, <a href=\"http:\/\/www.avl.gva.es\/lexicval\/?paraula=tar\u00fas\" target=\"_blank\" rel=\"noopener\"><i class=\"fas fa-external-link-alt\"><\/i><\/a> per\u00f2 no ha incl\u00f2s encara <em>de tar\u00fas,<\/em> que apareix en <em>El parlar de la Safor<\/em> (<span class=\"versaleta\">ginermonfort2016<\/span>): <a href=\"https:\/\/rua.ua.es\/dspace\/bitstream\/10045\/58969\/1\/tesis_joan_giner_monfort.pdf\" target=\"_blank\" rel=\"noopener\"><i class=\"fas fa-file-pdf\"><\/i><\/a><\/p>\n<blockquote><p><strong>de tar\u00fas<\/strong> (<abbr title=\"Tavernes de la Valldigna, Benifair\u00f3 de la Valldigna, Simat de la Valldigna, Barx, Rafelcofer, Palmera, Ador, Almiser\u00e0, Vilallonga\">Tav, Bfr\u00f3, Si, Barx, Raf, Pra, Ador, Almi, Vi<\/abbr>) Amb inclinaci\u00f3.<\/p><\/blockquote>\n<p>L&#8217;extensi\u00f3 de l&#8217;\u00fas per la Safor \u00e9s important, i la documentaci\u00f3 tamb\u00e9 \u00e9s significativa:<\/p>\n<ul>\n<li><em>Al cor, la quimereta<\/em> d\u2019Encarna Sant-Celoni i Verger (2002; p. 37): \u00abuna foto que est\u00e0 de tar\u00fas\u00bb. <a href=\"https:\/\/www.escriptors.cat\/autors\/santcelonie\/al-cor-la-quimereta\" target=\"_blank\" rel=\"noopener\"><i class=\"fas fa-external-link-alt\"><\/i><\/a><\/li>\n<li><em>Estudio sobre las condiciones de trabajo y las relaciones sociales en el oficio de yesero <\/em>de Guillermo Mora-Gil Casado (2011): \u00aby est\u00e1 uno as\u00ed, el otro se va un dedo, el otro est\u00e1 inclinado, <em>de tar\u00fas<\/em>\u00bb. <a href=\"https:\/\/riunet.upv.es\/bitstream\/handle\/10251\/13545\/PFG-Guillermo%20Mora-Gil.pdf?sequence=1\" target=\"_blank\" rel=\"noopener\"><i class=\"fas fa-file-pdf\"><\/i><\/a><\/li>\n<li>\u00abOdie alguns espills\u00bb de Llu\u00eds Vicent Banyuls Ferrando (2021): \u00abcom el raig de sol que entra \/ de tar\u00fas a la cambra al mat\u00ed\u00bb. <a href=\"https:\/\/hi-in.facebook.com\/lluisvicentbanyuls\/posts\/313359423863285\/\" target=\"_blank\" rel=\"noopener\"><i class=\"fas fa-external-link-alt\"><\/i><\/a><\/li>\n<\/ul>\n<p>Una companya transcriptora correctora (Ana \u00dabeda, 14.12.2022) m&#8217;informa que tamb\u00e9 \u00e9s una expressi\u00f3 usual a Guadassuar (Ribera Alta).<\/p>\n","protected":false},"excerpt":{"rendered":"<p>El diccionari de l&#8217;avl cont\u00e9 la locuci\u00f3\u00a0a tar\u00fas &#8216;a orri, a granel&#8217;, per\u00f2 no ha incl\u00f2s encara de tar\u00fas, que apareix en El parlar de la Safor (ginermonfort2016): de tar\u00fas (Tav, Bfr\u00f3, Si, Barx, Raf, Pra, Ador, Almi, Vi) Amb inclinaci\u00f3. L&#8217;extensi\u00f3 de l&#8217;\u00fas per la Safor \u00e9s important, i la documentaci\u00f3 tamb\u00e9 \u00e9s significativa: [&hellip;]<\/p>\n","protected":false},"author":1,"featured_media":0,"comment_status":"open","ping_status":"open","sticky":false,"template":"","format":"standard","meta":{"footnotes":""},"categories":[35],"tags":[72,17,66,53],"class_list":["post-5218","post","type-post","status-publish","format-standard","hentry","category-lletra-d","tag-diccionaris","tag-lexic","tag-locucions","tag-revisions"],"post_mailing_queue_ids":[],"_links":{"self":[{"href":"https:\/\/www.cdlpv.org\/fitxes\/wp-json\/wp\/v2\/posts\/5218","targetHints":{"allow":["GET"]}}],"collection":[{"href":"https:\/\/www.cdlpv.org\/fitxes\/wp-json\/wp\/v2\/posts"}],"about":[{"href":"https:\/\/www.cdlpv.org\/fitxes\/wp-json\/wp\/v2\/types\/post"}],"author":[{"embeddable":true,"href":"https:\/\/www.cdlpv.org\/fitxes\/wp-json\/wp\/v2\/users\/1"}],"replies":[{"embeddable":true,"href":"https:\/\/www.cdlpv.org\/fitxes\/wp-json\/wp\/v2\/comments?post=5218"}],"version-history":[{"count":9,"href":"https:\/\/www.cdlpv.org\/fitxes\/wp-json\/wp\/v2\/posts\/5218\/revisions"}],"predecessor-version":[{"id":5277,"href":"https:\/\/www.cdlpv.org\/fitxes\/wp-json\/wp\/v2\/posts\/5218\/revisions\/5277"}],"wp:attachment":[{"href":"https:\/\/www.cdlpv.org\/fitxes\/wp-json\/wp\/v2\/media?parent=5218"}],"wp:term":[{"taxonomy":"category","embeddable":true,"href":"https:\/\/www.cdlpv.org\/fitxes\/wp-json\/wp\/v2\/categories?post=5218"},{"taxonomy":"post_tag","embeddable":true,"href":"https:\/\/www.cdlpv.org\/fitxes\/wp-json\/wp\/v2\/tags?post=5218"}],"curies":[{"name":"wp","href":"https:\/\/api.w.org\/{rel}","templated":true}]}}