{"id":5184,"date":"2022-10-31T20:30:39","date_gmt":"2022-10-31T18:30:39","guid":{"rendered":"https:\/\/www.cdlpv.org\/fitxes\/?p=5184"},"modified":"2022-10-31T14:40:33","modified_gmt":"2022-10-31T12:40:33","slug":"ni-mes-adjectiu","status":"publish","type":"post","link":"https:\/\/www.cdlpv.org\/fitxes\/ni-mes-adjectiu\/","title":{"rendered":"ni m\u00e9s <em>+ adjectiu\/adverbi<\/em>"},"content":{"rendered":"<p>En el treball \u00abNoves aportacions al <span class=\"versaleta\"><em>dcvb<\/em><\/span> recollides a Beneixama\u00bb de Francesc Gascon i Navarro (2002), <a href=\"https:\/\/books.google.es\/books?hl=ca&amp;id=FQkrWLAbp6IC&amp;dq=%22ni+m%C3%A9s%22+Beneixama&amp;focus=searchwithinvolume&amp;q=Franesc+Gascon\" target=\"_blank\" rel=\"noopener\"><i class=\"fas fa-external-link-alt\"><\/i><\/a> \u00a0podem llegir que a Beneixama es produ\u00efx un \u00fas amb valor intensificador de l&#8217;expressi\u00f3 \u00abni m\u00e9s\u00bb. Sol usar-se d&#8217;una manera fixa segons l&#8217;esquema <em>ni m\u00e9s<\/em> + adjectiu\/adverbi: \u00abLi van donar vint duros i es va quedar ni m\u00e9s content\u00bb &#8216;molt content, content\u00edssim&#8217;. La poca documentaci\u00f3 que hem localitzat intensifica valors positius (<em>b\u00e9, content<\/em>).<\/p>\n<p>En podem documentar algunes mostres:<\/p>\n<ul>\n<li><em>Rondalles populars valencianes: Antologia, cat\u00e0leg i estudi dins la tradici\u00f3 del folklore universal<\/em>, edici\u00f3 a cura de Rafael Beltran Llavador (2007): \u00abEl nan estava ni m\u00e9s content, i cantava esta can\u00e7\u00f3\u00bb.<\/li>\n<li>\u00abVocabulari de Crevillent (17)\u00bb (<em>100% Crevillent,<\/em> 23.12.2013): \u00abEstava dormint ni m\u00e9s b\u00e9, i ma filla me va pass\u00e0 la ma per la cara, i me vaig peg\u00e0 un despertug\u00f3 que casi me muic.\u00bb <a href=\"http:\/\/100x100crevillent.blogspot.com\/2013\/12\/vocabulari-de-crevillent-17.html\" target=\"_blank\" rel=\"noopener\"><i class=\"fas fa-external-link-alt\"><\/i><\/a><\/li>\n<li>&lt;em&gt;Els frares del mas del Pontarr\u00f3\u00bb, rondalla contada per Ana Mar\u00eda del Pilar Guill\u00e9n Gil (de Biar; transcrita per \u00c1lvaro Ribera D\u00edaz, 2019):\u00a0 \u00abTotal, que al final va comen\u00e7ar-se ah\u00ed a fer el soparet i va sopar ni m\u00e9s b\u00e9.\u00bb <a href=\"http:\/\/rondalles.canpop.org\/fitxa.php?id=3642\" target=\"_blank\" rel=\"noopener\"><i class=\"fas fa-external-link-alt\"><\/i><\/a><\/li>\n<\/ul>\n","protected":false},"excerpt":{"rendered":"<p>En el treball \u00abNoves aportacions al dcvb recollides a Beneixama\u00bb de Francesc Gascon i Navarro (2002), \u00a0podem llegir que a Beneixama es produ\u00efx un \u00fas amb valor intensificador de l&#8217;expressi\u00f3 \u00abni m\u00e9s\u00bb. Sol usar-se d&#8217;una manera fixa segons l&#8217;esquema ni m\u00e9s + adjectiu\/adverbi: \u00abLi van donar vint duros i es va quedar ni m\u00e9s content\u00bb [&hellip;]<\/p>\n","protected":false},"author":1,"featured_media":0,"comment_status":"open","ping_status":"open","sticky":false,"template":"","format":"standard","meta":{"footnotes":""},"categories":[115],"tags":[49,140,26,17,53],"class_list":["post-5184","post","type-post","status-publish","format-standard","hentry","category-lletra-n","tag-adjectius","tag-dialectes","tag-expressions","tag-lexic","tag-revisions"],"post_mailing_queue_ids":[],"_links":{"self":[{"href":"https:\/\/www.cdlpv.org\/fitxes\/wp-json\/wp\/v2\/posts\/5184","targetHints":{"allow":["GET"]}}],"collection":[{"href":"https:\/\/www.cdlpv.org\/fitxes\/wp-json\/wp\/v2\/posts"}],"about":[{"href":"https:\/\/www.cdlpv.org\/fitxes\/wp-json\/wp\/v2\/types\/post"}],"author":[{"embeddable":true,"href":"https:\/\/www.cdlpv.org\/fitxes\/wp-json\/wp\/v2\/users\/1"}],"replies":[{"embeddable":true,"href":"https:\/\/www.cdlpv.org\/fitxes\/wp-json\/wp\/v2\/comments?post=5184"}],"version-history":[{"count":5,"href":"https:\/\/www.cdlpv.org\/fitxes\/wp-json\/wp\/v2\/posts\/5184\/revisions"}],"predecessor-version":[{"id":5191,"href":"https:\/\/www.cdlpv.org\/fitxes\/wp-json\/wp\/v2\/posts\/5184\/revisions\/5191"}],"wp:attachment":[{"href":"https:\/\/www.cdlpv.org\/fitxes\/wp-json\/wp\/v2\/media?parent=5184"}],"wp:term":[{"taxonomy":"category","embeddable":true,"href":"https:\/\/www.cdlpv.org\/fitxes\/wp-json\/wp\/v2\/categories?post=5184"},{"taxonomy":"post_tag","embeddable":true,"href":"https:\/\/www.cdlpv.org\/fitxes\/wp-json\/wp\/v2\/tags?post=5184"}],"curies":[{"name":"wp","href":"https:\/\/api.w.org\/{rel}","templated":true}]}}