{"id":5134,"date":"2022-10-10T20:30:25","date_gmt":"2022-10-10T18:30:25","guid":{"rendered":"https:\/\/www.cdlpv.org\/fitxes\/?p=5134"},"modified":"2022-11-17T20:22:02","modified_gmt":"2022-11-17T18:22:02","slug":"incel","status":"publish","type":"post","link":"https:\/\/www.cdlpv.org\/fitxes\/incel\/","title":{"rendered":"\u00edncel*"},"content":{"rendered":"<p>La paraula anglesa <em>incel <\/em>\u00e9s un acr\u00f2nim creat amb fragments inicials de les paraules <em><strong><em class=\"mw_t_it\">in<\/em><\/strong>voluntary\u00a0<strong><em class=\"mw_t_it\">cel<\/em><\/strong>ibate<\/em> (veg. <em>Merriam-Webster<\/em>): <a href=\"https:\/\/www.merriam-webster.com\/dictionary\/incel\" target=\"_blank\" rel=\"noopener\"><i class=\"fas fa-external-link-alt\"><\/i><\/a><\/p>\n<blockquote><p><strong>History and Etymology for <em>incel<\/em><\/strong><br \/>\n<em>in<\/em>voluntary <em>cel<\/em>ibate<\/p>\n<p>NOTE: The word incel apparently first appeared on a Usenet newsgroup in the late 1990&#8217;s. See the article by Ben Zimmer, &#8220;How &#8216;Incel&#8217; Got Hijacked,&#8221; published online at <em>Politico Magazine,<\/em> May 8, 2018 (<a href=\"https:\/\/www.politico.com\/magazine\/story\/2018\/05\/08\/intel-involuntary-celibate-movement-218324\/\" target=\"_blank\" rel=\"noopener\">https:\/\/www.politico.com\/magazine\/story\/2018\/05\/08\/intel-involuntary-celibate-movement-218324\/<\/a>).<\/p><\/blockquote>\n<p>En valenci\u00e0 encara no apareix en els diccionaris (ni en el Cercaterm), per\u00f2 s&#8217;est\u00e0 utilitzant amb la forma adaptada <em>\u00edncel <\/em>(segurament seguint l&#8217;exemple de la Fund\u00e9u per al castell\u00e0 <em>\u00edncel<\/em>): <a href=\"https:\/\/www.fundeu.es\/consulta\/incel\/\" target=\"_blank\" rel=\"noopener\"><i class=\"fas fa-external-link-alt\"><\/i><\/a><\/p>\n<ul>\n<li>Paula Carpintero P\u00e1ez (<em>Social.cat<\/em>, 29.08.2022), \u00abEl moviment \u201c\u00edncel\u201d: la misog\u00ednia amagada que ens hauria d\u2019alarmar\u00bb. <a href=\"https:\/\/www.social.cat\/opinio\/17312\/el-moviment-incel-la-misoginia-amagada-que-ens-hauria-dalarmar\" target=\"_blank\" rel=\"noopener\"><i class=\"fas fa-external-link-alt\"><\/i><\/a><\/li>\n<li>Rac\u00f3 Catal\u00e0, 14.06.2022, \u00abNa Orriols invisibilitzada al rac\u00f3?\u00bb:<br \/>\n\u00abSempre es posa qualsevol tuit de na n\u00faria orriols aquesta al Rac\u00f3. Malgrat tenir 500 vots \u00e9s una figura molt venerada entre la cinquantena d&#8217;incels endog\u00e0mics\u00bb. <a href=\"https:\/\/www.racocatala.cat\/forums\/fil\/241727\/na-orriols-invisibilitzada-raco?pag=0#10922960\" target=\"_blank\" rel=\"noopener\"><i class=\"fas fa-external-link-alt\"><\/i><\/a><\/li>\n<\/ul>\n","protected":false},"excerpt":{"rendered":"<p>La paraula anglesa incel \u00e9s un acr\u00f2nim creat amb fragments inicials de les paraules involuntary\u00a0celibate (veg. Merriam-Webster): History and Etymology for incel involuntary celibate NOTE: The word incel apparently first appeared on a Usenet newsgroup in the late 1990&#8217;s. See the article by Ben Zimmer, &#8220;How &#8216;Incel&#8217; Got Hijacked,&#8221; published online at Politico Magazine, May [&hellip;]<\/p>\n","protected":false},"author":1,"featured_media":0,"comment_status":"open","ping_status":"open","sticky":false,"template":"","format":"standard","meta":{"footnotes":""},"categories":[73],"tags":[17,13,91],"class_list":["post-5134","post","type-post","status-publish","format-standard","hentry","category-lletra-i","tag-lexic","tag-neologia","tag-substantius"],"post_mailing_queue_ids":[],"_links":{"self":[{"href":"https:\/\/www.cdlpv.org\/fitxes\/wp-json\/wp\/v2\/posts\/5134","targetHints":{"allow":["GET"]}}],"collection":[{"href":"https:\/\/www.cdlpv.org\/fitxes\/wp-json\/wp\/v2\/posts"}],"about":[{"href":"https:\/\/www.cdlpv.org\/fitxes\/wp-json\/wp\/v2\/types\/post"}],"author":[{"embeddable":true,"href":"https:\/\/www.cdlpv.org\/fitxes\/wp-json\/wp\/v2\/users\/1"}],"replies":[{"embeddable":true,"href":"https:\/\/www.cdlpv.org\/fitxes\/wp-json\/wp\/v2\/comments?post=5134"}],"version-history":[{"count":4,"href":"https:\/\/www.cdlpv.org\/fitxes\/wp-json\/wp\/v2\/posts\/5134\/revisions"}],"predecessor-version":[{"id":5226,"href":"https:\/\/www.cdlpv.org\/fitxes\/wp-json\/wp\/v2\/posts\/5134\/revisions\/5226"}],"wp:attachment":[{"href":"https:\/\/www.cdlpv.org\/fitxes\/wp-json\/wp\/v2\/media?parent=5134"}],"wp:term":[{"taxonomy":"category","embeddable":true,"href":"https:\/\/www.cdlpv.org\/fitxes\/wp-json\/wp\/v2\/categories?post=5134"},{"taxonomy":"post_tag","embeddable":true,"href":"https:\/\/www.cdlpv.org\/fitxes\/wp-json\/wp\/v2\/tags?post=5134"}],"curies":[{"name":"wp","href":"https:\/\/api.w.org\/{rel}","templated":true}]}}