{"id":5086,"date":"2025-12-09T20:30:56","date_gmt":"2025-12-09T18:30:56","guid":{"rendered":"https:\/\/www.cdlpv.org\/fitxes\/?p=5086"},"modified":"2025-12-09T15:11:28","modified_gmt":"2025-12-09T13:11:28","slug":"repercutir","status":"publish","type":"post","link":"https:\/\/www.cdlpv.org\/fitxes\/repercutir\/","title":{"rendered":"repercutir"},"content":{"rendered":"<figure id=\"attachment_7740\" aria-describedby=\"caption-attachment-7740\" style=\"width: 201px\" class=\"wp-caption alignleft\"><a href=\"https:\/\/www.cdlpv.org\/fitxes\/wp-content\/uploads\/2022\/08\/Ivarepercutit.png\"><img loading=\"lazy\" decoding=\"async\" class=\"size-full wp-image-7740\" src=\"https:\/\/www.cdlpv.org\/fitxes\/wp-content\/uploads\/2022\/08\/Ivarepercutit.png\" alt=\"\" width=\"201\" height=\"176\" \/><\/a><figcaption id=\"caption-attachment-7740\" class=\"wp-caption-text\"><span style=\"font-size: 10pt;\">Fragment del DOGV (26.09.2022).<\/span><\/figcaption><\/figure>\n<p>En general,\u00a0<em>repercutir<\/em>\u00a0\u00e9s un verb intransitiu, per\u00f2 una \u00faltima accepci\u00f3 m\u00e8dica antiga que \u00e9s transitiva, tal com podem vore en el <em><span class=\"versaleta\">dnv<\/span><\/em> (consulta: <a href=\"https:\/\/www.avl.gva.es\/lexicval\/?paraula=repercutir\" target=\"_blank\" rel=\"noopener\">16.08.2022<\/a>):<\/p>\n<blockquote><p><strong>repercutir<\/strong><br \/>\n<strong>1.<\/strong> <em>v. intr.<\/em> Causar, una cosa, un efecte en una altra. <em>L&#8217;abund\u00e0ncia de collita repercutir\u00e0 en el preu de compra.<\/em><br \/>\n<strong>2.<\/strong> <em>v. intr.<\/em> Fer sentir, un colp o un xoc, el seu efecte de retruc en una cosa ulterior.<br \/>\n<strong>3.<\/strong> <em>v. intr.<\/em> Fer tornar arrere, un so o un raig de llum, l&#8217;eco o el reflex. <em>La teua veu repercutia per la vall.<\/em><br \/>\n<strong>4.<\/strong> <em>v. tr.<\/em> <span class=\"versaleta\">med<\/span>. Causar, pel mitj\u00e0 adequat, la subsid\u00e8ncia (d&#8217;un tumor o d&#8217;una lesi\u00f3).<\/p><\/blockquote>\n<p>Eixa \u00faltima accepci\u00f3 del camp de la medicina sembla que ha caigut en des\u00fas en valenci\u00e0 (en paral\u00b7lel al des\u00fas que marca el <span class=\"versaleta\"><em>drae<\/em><\/span> en castell\u00e0). <a href=\"https:\/\/dle.rae.es\/repercutir\" target=\"_blank\" rel=\"noopener\"><i class=\"fas fa-external-link-alt\"><\/i><\/a><\/p>\n<p><strong><span class=\"versaleta\">\u00abiva<\/span> repercutit\u00bb desestima \u00ab<span class=\"versaleta\">iva<\/span> transferit\u00bb<\/strong><\/p>\n<p>El Cercaterm fea el comentari seg\u00fcent en una resposta (25.07.2022) sobre la forma <em><span class=\"versaleta\">iva<\/span> repercutit:<\/em><\/p>\n<blockquote><p>\u00c9s la forma preferida pels especialistes, per influ\u00e8ncia del castell\u00e0, evidentment. Tenim pendent estudiar m\u00e9s a fons aquest cas per veure les possibilitats d&#8217;acceptar <em>repercutir,<\/em> per\u00f2 \u00e9s una q\u00fcesti\u00f3 que afecta directament el diccionari normatiu<\/p><\/blockquote>\n<p>Posteriorment, el Termcat (acta 708, 12.06.2023)<a title=\"Acta del Termcat\" href=\"https:\/\/www.termcat.cat\/ca\/diccionaris-en-linia\/283\/fitxa\/NDgwMjM1NA%3D%3D\" target=\"_blank\" rel=\"nofollow noopener\"><i class=\"fas fa-external-link-alt\"><\/i><\/a> ha fixat la forma <em><span class=\"versaleta\">iva<\/span> repercutit<\/em> per a denominar el fet de carregar als clients una quantitat originada per l&#8217;impost del valor afegit. L&#8217;acceptaci\u00f3 d&#8217;eixa denominaci\u00f3 ha implicat l&#8217;aprovaci\u00f3 d&#8217;una accepci\u00f3 transitiva per al verb <em>repercutir:<\/em><\/p>\n<blockquote><p>&#8230;aprovat pel Consell Supervisor com a forma transitiva amb el significat &#8220;Fer recaure una c\u00e0rrega econ\u00f2mica sobre alg\u00fa altre o sobre una altra cosa&#8221;.<\/p><\/blockquote>\n<p>Fins a eixe moment, la normativa proposava la forma <em><span class=\"versaleta\">iva<\/span> transferit<\/em> i la locuci\u00f3 <em>transferir l&#8217;<span class=\"versaleta\">iva,<\/span><\/em> ja que este verb s\u00ed que permetia eixe \u00fas. S&#8217;han desestimat eixa opci\u00f3 i altres formes alternatives: <em><span class=\"versaleta\">iva<\/span> recaptat<\/em>, <em><span class=\"versaleta\">iva<\/span> de sortida<\/em>, <em><span class=\"versaleta\">iva<\/span> descendent&#8230;<\/em><\/p>\n<p>A pesar d&#8217;este acord\u00a0 del Termcat l&#8217;any 2023, el verb <em>repercutir<\/em> continua sense haver rebut esta accepci\u00f3 en els diccionaris normatius (consulta: 09.12.2025). Els diccionaris s&#8217;hauran de modificar seguint l&#8217;exemple del <em>repercutir<\/em> castell\u00e0 (consulta: 16.08.2022); o del cas franc\u00e9s (consulta: 16.08.2022), en qu\u00e8 <em>r\u00e9percuter<\/em> \u00e9s un verb transitiu:<\/p>\n<blockquote><p><abbr class=\"abbrevk\" title=\"Diccionari de la lengua espa\u00f1ola\">(drae)<\/abbr><strong> 5.<\/strong> <em>tr.<\/em> Hacer que un impuesto, un coste, etc., recaiga o tenga efecto sobre otra persona distinta de la que lo paga inicialmente. <a href=\"https:\/\/dle.rae.es\/repercutir\" target=\"_blank\" rel=\"noopener\"><i class=\"fas fa-external-link-alt\"><\/i><\/a><br \/>\n<abbr class=\"abbrevk\" title=\"Tr\u00e9sor de la langue fran\u00e7aise informatis\u00e9\">tlf<\/abbr><em>i)<\/em> <span class=\"versaleta\">\u00e9con<\/span>. Transf\u00e9rer une charge sur quelqu&#8217;un\/quelque chose. Synon. <em>reporter<\/em><sup>1<\/sup>. <em>Si la hausse est r\u00e9percut\u00e9e sur le prix du pain, il n&#8217;en r\u00e9sultera pas une protestation contre les producteurs mais une revendication pour l&#8217;ajustement des revenus<\/em> (Meynaud, <em>Groupes pression Fr.<\/em>, 1958, p. 230). <a href=\"https:\/\/www.cnrtl.fr\/definition\/repercuter\" target=\"_blank\" rel=\"noopener\"><i class=\"fas fa-external-link-alt\"><\/i><\/a><\/p><\/blockquote>\n<p>L&#8217;\u00fas castell\u00e0 ha est\u00e9s la construcci\u00f3 <em><span class=\"versaleta\">iva<\/span> repercutit<\/em> en valenci\u00e0, que ja apareixia fa uns anys en el <em>Diccionari de fiscalitat<\/em> dels Serveis Ling\u00fc\u00edstics de la Universitat de Barcelona. <a href=\"https:\/\/www.ub.edu\/ubterm\/cerca-termes\/?cerca&amp;obra-cerca=213&amp;categoria-cerca=-1&amp;ambit-cerca=2&amp;lletra-cerca=i&amp;cpage=3\" target=\"_blank\" rel=\"noopener\"><i class=\"fas fa-external-link-alt\"><\/i><\/a><\/p>\n<h3>Matisos entre\u00a0<em>repercutit\u00a0<\/em>i<em> meritat<\/em><\/h3>\n<p>En la mateixa acta del 2023, el Termcat comenta uns matisos entre dos conceptes que poden ser sin\u00f2nims en algun moment:<\/p>\n<blockquote><p>El Consell Supervisor fa notar que les formes <i>IVA meritat<\/i> i <i>IVA repercutit<\/i> en general fan refer\u00e8ncia al mateix concepte per\u00f2 des de punts de vista diferents: <i>IVA meritat<\/i> (com el castell\u00e0 <i>IVA devengado<\/i>) remet a l&#8217;IVA que &#8220;tenen dret&#8221; a percebre l&#8217;empresa o el professional del client pels serveis prestats, i <i>IVA repercutit<\/i> (com el castell\u00e0 <i>IVA repercutido<\/i>) remet a l&#8217;IVA que l&#8217;empresa o el professional &#8220;fan recaure&#8221; en el client sobre el preu dels serveis. A efectes pr\u00e0ctics, el concepte \u00e9s el mateix. Val a dir, de tota manera, que sovint la forma <i>IVA meritat<\/i> s&#8217;associa, m\u00e9s espec\u00edficament, a l&#8217;IVA repercutit que cal declarar en el per\u00edode corresponent. Habitualment, l&#8217;IVA meritat i l&#8217;IVA repercutit coincideixen, per\u00f2 no sempre. Si en el moment de fer la declaraci\u00f3, per exemple, hi ha factures d&#8217;aquell per\u00edode que encara no s&#8217;han cobrat, l&#8217;IVA repercutit d&#8217;aquestes factures pot no declarar-se encara (si el contribuent est\u00e0 acollit al criteri de caixa) i pot qualificar-se d&#8217;IVA <i>repercutit <\/i>(perqu\u00e8 s&#8217;ha aplicat al client) per\u00f2 encara no d&#8217;IVA <i>meritat<\/i> (perqu\u00e8 no s&#8217;ha rebut i, per tant, encara no s&#8217;ha d&#8217;abonar a l&#8217;organisme tributari).<\/p><\/blockquote>\n","protected":false},"excerpt":{"rendered":"<p>En general,\u00a0repercutir\u00a0\u00e9s un verb intransitiu, per\u00f2 una \u00faltima accepci\u00f3 m\u00e8dica antiga que \u00e9s transitiva, tal com podem vore en el dnv (consulta: 16.08.2022): repercutir 1. v. intr. Causar, una cosa, un efecte en una altra. L&#8217;abund\u00e0ncia de collita repercutir\u00e0 en el preu de compra. 2. v. intr. Fer sentir, un colp o un xoc, el [&hellip;]<\/p>\n","protected":false},"author":1,"featured_media":0,"comment_status":"open","ping_status":"open","sticky":false,"template":"","format":"standard","meta":{"footnotes":""},"categories":[44],"tags":[13,12,53,27,47,62],"class_list":["post-5086","post","type-post","status-publish","format-standard","hentry","category-lletra-r","tag-neologia","tag-normativa","tag-revisions","tag-sintaxi","tag-termcat","tag-verbs"],"post_mailing_queue_ids":[],"_links":{"self":[{"href":"https:\/\/www.cdlpv.org\/fitxes\/wp-json\/wp\/v2\/posts\/5086","targetHints":{"allow":["GET"]}}],"collection":[{"href":"https:\/\/www.cdlpv.org\/fitxes\/wp-json\/wp\/v2\/posts"}],"about":[{"href":"https:\/\/www.cdlpv.org\/fitxes\/wp-json\/wp\/v2\/types\/post"}],"author":[{"embeddable":true,"href":"https:\/\/www.cdlpv.org\/fitxes\/wp-json\/wp\/v2\/users\/1"}],"replies":[{"embeddable":true,"href":"https:\/\/www.cdlpv.org\/fitxes\/wp-json\/wp\/v2\/comments?post=5086"}],"version-history":[{"count":6,"href":"https:\/\/www.cdlpv.org\/fitxes\/wp-json\/wp\/v2\/posts\/5086\/revisions"}],"predecessor-version":[{"id":7741,"href":"https:\/\/www.cdlpv.org\/fitxes\/wp-json\/wp\/v2\/posts\/5086\/revisions\/7741"}],"wp:attachment":[{"href":"https:\/\/www.cdlpv.org\/fitxes\/wp-json\/wp\/v2\/media?parent=5086"}],"wp:term":[{"taxonomy":"category","embeddable":true,"href":"https:\/\/www.cdlpv.org\/fitxes\/wp-json\/wp\/v2\/categories?post=5086"},{"taxonomy":"post_tag","embeddable":true,"href":"https:\/\/www.cdlpv.org\/fitxes\/wp-json\/wp\/v2\/tags?post=5086"}],"curies":[{"name":"wp","href":"https:\/\/api.w.org\/{rel}","templated":true}]}}