{"id":5078,"date":"2022-08-10T20:30:38","date_gmt":"2022-08-10T18:30:38","guid":{"rendered":"https:\/\/www.cdlpv.org\/fitxes\/?p=5078"},"modified":"2022-08-16T10:03:41","modified_gmt":"2022-08-16T08:03:41","slug":"ressaltar","status":"publish","type":"post","link":"https:\/\/www.cdlpv.org\/fitxes\/ressaltar\/","title":{"rendered":"ressaltar"},"content":{"rendered":"<p>El <span class=\"versaleta\"><em>dnv<\/em><\/span> ha incorporat una accepci\u00f3 transitiva en este verb, la n\u00famero 3: <a href=\"https:\/\/www.avl.gva.es\/lexicval\/?paraula=ressaltar\" target=\"_blank\" rel=\"noopener\"><i class=\"fas fa-external-link-alt\"><\/i><\/a><\/p>\n<blockquote><p><span style=\"color: #999999;\"><strong>1. <\/strong><em>v. intr.<\/em> Distingir-se de la resta o cridar l&#8217;atenci\u00f3 per la seua excel\u00b7l\u00e8ncia, novetat o originalitat, o perqu\u00e8 oferix un gran contrast. <em>Eixe color ressalta m\u00e9s que l&#8217;altre.<\/em><\/span><br \/>\n<span style=\"color: #999999;\"><strong>2. <\/strong><em>v. intr.<\/em> Eixir cap a fora interrompent la planor d&#8217;una superf\u00edcie, fer ressalt. <em>El balc\u00f3 ressalta massa.<\/em><\/span><br \/>\n<span style=\"background-color: #ffcc99;\"><strong>3.<\/strong> <em>v. tr.<\/em> Posar en relleu (alguna cosa). <em>L&#8217;alcalde ressalt\u00e0 la import\u00e0ncia de l&#8217;acord adoptat.<\/em><\/span><\/p><\/blockquote>\n<p>Aix\u00f2 permet que tant es pot ara \u00abfer ressaltar\u00bb com \u00abressaltar\u00bb un text amb un color de fons, tal com he fet en la citaci\u00f3 anterior. I, per tant, podem tamb\u00e9 dir que hem \u00abressaltat un text\u00bb \u2014fins ara la normativa nom\u00e9s permetia dir que l&#8217;hav\u00edem \u00abfet ressaltar\u00bb\u2014. El <em><span class=\"versaleta\">diec<\/span><\/em> encara no ha incorporat eixa possibilitat.<\/p>\n","protected":false},"excerpt":{"rendered":"<p>El dnv ha incorporat una accepci\u00f3 transitiva en este verb, la n\u00famero 3: 1. v. intr. Distingir-se de la resta o cridar l&#8217;atenci\u00f3 per la seua excel\u00b7l\u00e8ncia, novetat o originalitat, o perqu\u00e8 oferix un gran contrast. Eixe color ressalta m\u00e9s que l&#8217;altre. 2. v. intr. Eixir cap a fora interrompent la planor d&#8217;una superf\u00edcie, fer [&hellip;]<\/p>\n","protected":false},"author":1,"featured_media":0,"comment_status":"open","ping_status":"open","sticky":false,"template":"","format":"standard","meta":{"footnotes":""},"categories":[44],"tags":[72,12,27,62],"class_list":["post-5078","post","type-post","status-publish","format-standard","hentry","category-lletra-r","tag-diccionaris","tag-normativa","tag-sintaxi","tag-verbs"],"post_mailing_queue_ids":[],"_links":{"self":[{"href":"https:\/\/www.cdlpv.org\/fitxes\/wp-json\/wp\/v2\/posts\/5078","targetHints":{"allow":["GET"]}}],"collection":[{"href":"https:\/\/www.cdlpv.org\/fitxes\/wp-json\/wp\/v2\/posts"}],"about":[{"href":"https:\/\/www.cdlpv.org\/fitxes\/wp-json\/wp\/v2\/types\/post"}],"author":[{"embeddable":true,"href":"https:\/\/www.cdlpv.org\/fitxes\/wp-json\/wp\/v2\/users\/1"}],"replies":[{"embeddable":true,"href":"https:\/\/www.cdlpv.org\/fitxes\/wp-json\/wp\/v2\/comments?post=5078"}],"version-history":[{"count":5,"href":"https:\/\/www.cdlpv.org\/fitxes\/wp-json\/wp\/v2\/posts\/5078\/revisions"}],"predecessor-version":[{"id":5094,"href":"https:\/\/www.cdlpv.org\/fitxes\/wp-json\/wp\/v2\/posts\/5078\/revisions\/5094"}],"wp:attachment":[{"href":"https:\/\/www.cdlpv.org\/fitxes\/wp-json\/wp\/v2\/media?parent=5078"}],"wp:term":[{"taxonomy":"category","embeddable":true,"href":"https:\/\/www.cdlpv.org\/fitxes\/wp-json\/wp\/v2\/categories?post=5078"},{"taxonomy":"post_tag","embeddable":true,"href":"https:\/\/www.cdlpv.org\/fitxes\/wp-json\/wp\/v2\/tags?post=5078"}],"curies":[{"name":"wp","href":"https:\/\/api.w.org\/{rel}","templated":true}]}}