{"id":4968,"date":"2022-07-05T20:30:05","date_gmt":"2022-07-05T18:30:05","guid":{"rendered":"https:\/\/www.cdlpv.org\/fitxes\/?p=4968"},"modified":"2022-07-07T10:55:54","modified_gmt":"2022-07-07T08:55:54","slug":"trona","status":"publish","type":"post","link":"https:\/\/www.cdlpv.org\/fitxes\/trona\/","title":{"rendered":"trona"},"content":{"rendered":"<figure id=\"attachment_4998\" aria-describedby=\"caption-attachment-4998\" style=\"width: 300px\" class=\"wp-caption alignleft\"><a href=\"https:\/\/www.cdlpv.org\/fitxes\/wp-content\/uploads\/2022\/07\/Trona-CortsV.png\"><img loading=\"lazy\" decoding=\"async\" class=\"size-medium wp-image-4998\" src=\"https:\/\/www.cdlpv.org\/fitxes\/wp-content\/uploads\/2022\/07\/Trona-CortsV-300x279.png\" alt=\"Trona de les Corts Valencianes\" width=\"300\" height=\"279\" srcset=\"https:\/\/www.cdlpv.org\/fitxes\/wp-content\/uploads\/2022\/07\/Trona-CortsV-300x279.png 300w, https:\/\/www.cdlpv.org\/fitxes\/wp-content\/uploads\/2022\/07\/Trona-CortsV.png 425w\" sizes=\"auto, (max-width: 300px) 100vw, 300px\" \/><\/a><figcaption id=\"caption-attachment-4998\" class=\"wp-caption-text\"><span style=\"font-size: 12pt;\">La trona (o tribuna d&#8217;oradors) de les Corts Valencianes. (Fragment tret del web de les Corts Valencianes.)<\/span><\/figcaption><\/figure>\n<p>Una de les accepcions tradicionals de la paraula <em>trona<\/em> apareix en els diccionaris normatius (<span class=\"versaleta\"><em>dval<\/em><\/span>; consulta: <a href=\"https:\/\/www.avl.gva.es\/lexicval\/?paraula=trona\" target=\"_blank\" rel=\"noopener\">27.06.2022<\/a>):<\/p>\n<blockquote><p><strong>1.<\/strong> <em>f. CONSTR.\/ART<\/em> Accessori arquitect\u00f2nic de les esgl\u00e9sies que consistix en una plataforma elevada, prove\u00efda d&#8217;ampit i tornaveu, accessible per una escala, destinat a la predicaci\u00f3.<\/p><\/blockquote>\n<p>A m\u00e9s d&#8217;eixa accepci\u00f3, tamb\u00e9 \u00e9s tradicional l&#8217;\u00fas de la paraula fora de l&#8217;esgl\u00e9sia per a denominar una tribuna d&#8217;oradors, tal com podem llegir en el <span class=\"versaleta\"><em>dcvb<\/em><\/span> (s. v. <em>trona;<\/em> consulta: <a href=\"https:\/\/dcvb.iec.cat\/results.asp?Word=trona&amp;Id=142906&amp;search=trona\" target=\"_blank\" rel=\"noopener\">28.06.2022<\/a>):<\/p>\n<blockquote><p><strong> trona<\/strong>\u00a0<em>f.<br \/>\n<\/em><strong>1.<\/strong> ant. Tribuna. <em>Sonaren los ministres e trompeters&#8230; qui stauen al cap de la sala en una trona all\u00ed feta fer,<\/em> Ardits, <span class=\"versaleta\">ii<\/span>, 387. <em>Los ministres per trones que exien en la sala sonauen,<\/em> Tirant, c. 448.<br \/>\n<strong>2.<\/strong> Plataforma prove\u00efda d&#8217;ampit, i sovint de tornaveu, col\u00b7locada a certa altura sobre el paviment, i que serveix per a predicar-hi, cantar-hi l&#8217;ep\u00edstola, fer-hi un discurs, etc.; cast. <em>p\u00falpito.<\/em> <em>En la trona hon preycaven,<\/em> Pere IV, Cr\u00f2n. 219. <em>Lo sermonador puj\u00e0 en la trona e f\u00e9u un solemne serm\u00f3,<\/em> Tirant, c. 205. \u00abMos diuen damunt ses trones | que no podem murmurar; | \u00bfqui ser\u00e0 que aturar\u00e0 | sa llengueta de ses dones?\u00bb (can\u00e7\u00f3 pop. Mall.).<\/p><\/blockquote>\n<p>Estes dos accepcions s&#8217;ajusten a l&#8217;\u00fas que es fa en llenguatge parlamentari de les Corts Valencianes per a referir-se a la tribuna dels oradors, on la paraula ha segut adoptada incl\u00fas com a terme per a les acotacions de les transcripcions dels debats parlamentaris:<\/p>\n<ul>\n<li>\u00ab&#8230;nuestra parte. Y el defensor de cliente&#8230;<em> (El president desconnecta el micr\u00f2fon de la <strong>trona<\/strong>) (Aplaudiments)<\/em>\u00bb (<span class=\"versaleta\"><em>dscv<\/em><\/span>, 21, 01.12.2011) <a href=\"https:\/\/www.cortsvalencianes.es\/sites\/default\/files\/migrated\/question-interest\/doc\/pregunta_compromis.pdf\" target=\"_blank\" rel=\"noopener\"><i class=\"fas fa-file-pdf\"><\/i><\/a><\/li>\n<\/ul>\n<p>I tamb\u00e9 podem trobar estos usos als parlaments catal\u00e0 i balear:<\/p>\n<ul>\n<li>\u00abcrec que ens ajudaran a seguir-ho fent des de la postura, des de aquesta <strong>trona<\/strong> i dins moltes altres tribunes p\u00fabliques\u00bb (<em><span class=\"versaleta\">dspib<\/span><\/em>, 118, 03.05.2022) <a href=\"http:\/\/web.parlamentib.es\/repositori\/PUBLICACIONS\/10\/ple\/PL-10-118.pdf\" target=\"_blank\" rel=\"noopener\"><i class=\"fas fa-external-link-alt\"><\/i><\/a><\/li>\n<li><span dir=\"ltr\" role=\"presentation\">\u00abguanyar temps per assegurar-<\/span><span class=\"\" dir=\"ltr\" role=\"presentation\">se uns mesos m\u00e9s, uns anys m\u00e9s a la<span class=\"highlight selected appended\"><strong> trona<\/strong>\u00bb (<em><span class=\"versaleta\">dspc<\/span><\/em>, 17, 10.05.2000) <a href=\"https:\/\/www.parlament.cat\/document\/dspcp\/57395.pdf\" target=\"_blank\" rel=\"noopener\"><i class=\"fas fa-external-link-alt\"><\/i><\/a><br \/>\n<\/span><\/span><\/li>\n<li>\u00abes dedica, des de la <strong>trona<\/strong> que est\u00e0 davant d\u2019un ministeri, a erosionar sistem\u00e0ticament representants del Govern\u00bb (<em><span class=\"versaleta\">dspc<\/span><\/em>, 1, 30.01.2004) <a href=\"https:\/\/www.parlament.cat\/document\/dspcd\/45877.pdf\" target=\"_blank\" rel=\"noopener\"><i class=\"fas fa-external-link-alt\"><\/i><\/a><\/li>\n<\/ul>\n","protected":false},"excerpt":{"rendered":"<p>Una de les accepcions tradicionals de la paraula trona apareix en els diccionaris normatius (dval; consulta: 27.06.2022): 1. f. CONSTR.\/ART Accessori arquitect\u00f2nic de les esgl\u00e9sies que consistix en una plataforma elevada, prove\u00efda d&#8217;ampit i tornaveu, accessible per una escala, destinat a la predicaci\u00f3. A m\u00e9s d&#8217;eixa accepci\u00f3, tamb\u00e9 \u00e9s tradicional l&#8217;\u00fas de la paraula fora [&hellip;]<\/p>\n","protected":false},"author":1,"featured_media":0,"comment_status":"open","ping_status":"open","sticky":false,"template":"","format":"standard","meta":{"footnotes":""},"categories":[39],"tags":[20,17,91],"class_list":["post-4968","post","type-post","status-publish","format-standard","hentry","category-lletra-t","tag-juridicoadministratiu","tag-lexic","tag-substantius"],"post_mailing_queue_ids":[],"_links":{"self":[{"href":"https:\/\/www.cdlpv.org\/fitxes\/wp-json\/wp\/v2\/posts\/4968","targetHints":{"allow":["GET"]}}],"collection":[{"href":"https:\/\/www.cdlpv.org\/fitxes\/wp-json\/wp\/v2\/posts"}],"about":[{"href":"https:\/\/www.cdlpv.org\/fitxes\/wp-json\/wp\/v2\/types\/post"}],"author":[{"embeddable":true,"href":"https:\/\/www.cdlpv.org\/fitxes\/wp-json\/wp\/v2\/users\/1"}],"replies":[{"embeddable":true,"href":"https:\/\/www.cdlpv.org\/fitxes\/wp-json\/wp\/v2\/comments?post=4968"}],"version-history":[{"count":15,"href":"https:\/\/www.cdlpv.org\/fitxes\/wp-json\/wp\/v2\/posts\/4968\/revisions"}],"predecessor-version":[{"id":5001,"href":"https:\/\/www.cdlpv.org\/fitxes\/wp-json\/wp\/v2\/posts\/4968\/revisions\/5001"}],"wp:attachment":[{"href":"https:\/\/www.cdlpv.org\/fitxes\/wp-json\/wp\/v2\/media?parent=4968"}],"wp:term":[{"taxonomy":"category","embeddable":true,"href":"https:\/\/www.cdlpv.org\/fitxes\/wp-json\/wp\/v2\/categories?post=4968"},{"taxonomy":"post_tag","embeddable":true,"href":"https:\/\/www.cdlpv.org\/fitxes\/wp-json\/wp\/v2\/tags?post=4968"}],"curies":[{"name":"wp","href":"https:\/\/api.w.org\/{rel}","templated":true}]}}