{"id":4845,"date":"2022-06-09T21:53:34","date_gmt":"2022-06-09T19:53:34","guid":{"rendered":"https:\/\/www.cdlpv.org\/fitxes\/?p=4845"},"modified":"2026-03-31T12:09:41","modified_gmt":"2026-03-31T10:09:41","slug":"incoatiu-iva","status":"publish","type":"post","link":"https:\/\/www.cdlpv.org\/fitxes\/incoatiu-iva\/","title":{"rendered":"incoatiu -iva"},"content":{"rendered":"<figure id=\"attachment_4935\" aria-describedby=\"caption-attachment-4935\" style=\"width: 235px\" class=\"wp-caption alignleft\"><a title=\"Fragment d'un conte de Vicent Burdeus (UJI).\" href=\"http:\/\/repositori.uji.es\/xmlui\/bitstream\/handle\/10234\/6174\/Llenyater_mort.pdf?sequence=5&amp;isAllowed=y\" target=\"_blank\" rel=\"noopener\"><img loading=\"lazy\" decoding=\"async\" class=\"wp-image-4935 size-medium\" src=\"https:\/\/www.cdlpv.org\/fitxes\/wp-content\/uploads\/2022\/06\/Patixca-235x300.png\" alt=\"Patixca\" width=\"235\" height=\"300\" srcset=\"https:\/\/www.cdlpv.org\/fitxes\/wp-content\/uploads\/2022\/06\/Patixca-235x300.png 235w, https:\/\/www.cdlpv.org\/fitxes\/wp-content\/uploads\/2022\/06\/Patixca.png 498w\" sizes=\"auto, (max-width: 235px) 100vw, 235px\" \/><\/a><figcaption id=\"caption-attachment-4935\" class=\"wp-caption-text\"><span class=\"small\">Fragment d&#8217;un conte de Vicent Burdeus (<span class=\"versaleta\">uji).<\/span><\/span><\/figcaption><\/figure>\n<p>En l&#8217;\u00e0mbit general \u2014i ling\u00fc\u00edstic\u2014, l&#8217;adjectiu <em>incoatiu -iva<\/em> fa refer\u00e8ncia a elements que indiquen un canvi d&#8217;estat o un inici d&#8217;un nou estat. A partir d&#8217;eixa caracter\u00edstica aplicada als verbs del llat\u00ed, la normativa gramatical sobre la morfologia verbal ha adoptat l&#8217;adjectiu <em>incoatiu -iva<\/em> per a fer refer\u00e8ncia a un determinat grup de verbs (<span class=\"versaleta\"><em>dnv;<\/em><\/span> consulta: <a href=\"https:\/\/www.avl.gva.es\/lexicval\/?paraula=incoatiu\" target=\"_blank\" rel=\"noopener\">16.05.2022<\/a>):<\/p>\n<blockquote><p><em>adj. <span class=\"versaleta\">ling.<\/span><\/em> Que pertany (un verb) al grup m\u00e9s nombr\u00f3s i productiu dels verbs acabats en <em>-ir<\/em> i que adopten l&#8217;increment <em>-ix<\/em> (o <em>-eix<\/em>).<sup>1<\/sup><\/p><\/blockquote>\n<div class=\"su-note small\"  style=\"border-color:#90bfa5;border-radius:3px;-moz-border-radius:3px;-webkit-border-radius:3px;\"><div class=\"su-note-inner su-u-clearfix su-u-trim\" style=\"background-color:#aad9bf;border-color:#ffffff;color:#333333;border-radius:3px;-moz-border-radius:3px;-webkit-border-radius:3px;\"><strong>Nota 1.<\/strong> Per a altres verbs denominats <em>incoatius,<\/em> per\u00f2 ara en relaci\u00f3 amb l&#8217;accepci\u00f3 &#8216;canvi d&#8217;estat&#8217;, podeu consultar la <em>Gram\u00e0tica essencial de la llengua catalana<\/em> de l&#8217;<abbr class=\"sigla\" title=\"Institut d'Estudis Catalans\">iec<\/abbr> (17.4) <a href=\"https:\/\/geiec.iec.cat\/capitol_veure.asp?id_gelc=309&amp;capitol=17.4\" target=\"_blank\" rel=\"noopener\"><i class=\"fas fa-external-link-alt\"><\/i><\/a> o la <em>Gram\u00e0tica del catal\u00e0 contemporani<\/em> (<span class=\"versaleta\">s<\/span> 1.3.3.2, 13.3.4.3, 13.3.6.3, 16.1.2, 16.2.4.1, 16.3.2.1.<em>a-b<\/em>). En esta obra preferixen denominar-los <em>verbs ergatius.<\/em> <\/div><\/div>\n<p><strong>Els verbs incoatius: l&#8217;\u00fas i la normativa<br \/>\n<\/strong>Tal com indica la definici\u00f3 del diccionari, eixe grup de verbs \u00e9s el m\u00e9s nombr\u00f3s (pam dalt, pam baix, un miler) dels que acaben l&#8217;infinitiu en <em>-ir <\/em>(en la denominada tercera conjugaci\u00f3 o tercera flexi\u00f3)<em>. <\/em>Els verbs que es solen utilitzar com a models per a conjugar els incoatius s\u00f3n: <em>agrair, avorrir, <\/em><em>preferir, parir, servir&#8230; <\/em>Les \u00abformes reals del valenci\u00e0 parlat i, en general, dels parlars occidentals on es mant\u00e9 la consonant velar\u00bb (P\u00e9rez Saldanya-Rigau, 2005), seguixen el model seg\u00fcent:<em><br \/>\n<\/em><\/p>\n<table class=\"aligncenter\" style=\"width: 50%; border-style: hidden;\">\n<tbody>\n<tr style=\"height: 10px;\">\n<th style=\"height: 10px;\"><em>present d\u2019indicatiu<\/em><\/th>\n<th style=\"height: 10px; width=; border-left: 1px solid;\"><em>present de subjuntiu<\/em><\/th>\n<\/tr>\n<tr style=\"height: 95px;\">\n<td style=\"height: px;\">servixc<br \/>\nservixes<br \/>\nservix<br \/>\nservim<br \/>\nserviu<br \/>\nservixen<\/td>\n<td style=\"height: px; width=; border-left: 1px solid;\">servixca<br \/>\nservixques<br \/>\nservixca<br \/>\nservim<br \/>\nserviu<br \/>\nservixquen<\/td>\n<\/tr>\n<\/tbody>\n<\/table>\n<table style=\"width: 100%; border-style: hidden;\">\n<tbody>\n<tr>\n<td style=\"width: 80%;\"><span style=\"font-size: 14pt;\">Per al cas del catal\u00e0 central, Pompeu Fabra (1918) va optar per les formes usuals del seu temps en la llengua parlada (present d&#8217;indicatiu: <em>-eixo, -eixes, -eix, -im, -iu, -eixen; <\/em>present de subjuntiu: <em>-eixi, -eixis, -eixi, -im, -iu, -eixin<\/em>).<\/span><\/p>\n<p><span style=\"font-size: 14pt;\">En el cas valenci\u00e0, el mateix Fabra (1918) va exposar el punt de partida, tal com podem vore en la p\u00e0gina 91 de la seua gram\u00e0tica:<\/span><\/p>\n<figure id=\"attachment_7862\" aria-describedby=\"caption-attachment-7862\" style=\"width: 395px\" class=\"wp-caption aligncenter\"><a href=\"https:\/\/www.cdlpv.org\/fitxes\/wp-content\/uploads\/2022\/06\/increment-fabra.png\"><img loading=\"lazy\" decoding=\"async\" class=\" wp-image-7862\" src=\"https:\/\/www.cdlpv.org\/fitxes\/wp-content\/uploads\/2022\/06\/increment-fabra-300x60.png\" alt=\"\" width=\"395\" height=\"79\" srcset=\"https:\/\/www.cdlpv.org\/fitxes\/wp-content\/uploads\/2022\/06\/increment-fabra-300x60.png 300w, https:\/\/www.cdlpv.org\/fitxes\/wp-content\/uploads\/2022\/06\/increment-fabra.png 589w\" sizes=\"auto, (max-width: 395px) 100vw, 395px\" \/><\/a><figcaption id=\"caption-attachment-7862\" class=\"wp-caption-text\"><span style=\"font-size: 10pt;\">L&#8217;increment incoatiu en valenci\u00e0, segons Pompeu Fabra (1918).<\/span><\/figcaption><\/figure>\n<p><span style=\"font-size: 14pt;\">Per\u00f2 la normativa posterior als anys cinquanta del segle <span class=\"versaleta\">xx <\/span>va adoptar un criteri oposat i problem\u00e0tic respecte a la llengua parlada.<sup>2<\/sup><\/span><\/td>\n<td style=\"width: 20%;\" rowspan=\"2\"><div class=\"su-note small\"  style=\"border-color:#90bfa5;border-radius:3px;-moz-border-radius:3px;-webkit-border-radius:3px;\"><div class=\"su-note-inner su-u-clearfix su-u-trim\" style=\"background-color:#aad9bf;border-color:#ffffff;color:#333333;border-radius:3px;-moz-border-radius:3px;-webkit-border-radius:3px;\"><strong>Nota 2.<\/strong> Ho havia anotat Fabra en 1918 (veg. <a href=\"https:\/\/publicacions.iec.cat\/repository\/pdf\/00000044\/00000005.pdf\" target=\"_blank\" rel=\"noopener\">p. 91<\/a>), tal com ressalta Xavier Rofes Moliner (missatge: 18.07.2022).<\/div><\/div><\/td>\n<\/tr>\n<tr style=\"border-style: hidden;\">\n<td style=\"width: 80%;\"><span style=\"font-size: 14pt;\">Aix\u00f2 va fer que, en lloc del model regular i usual que hem vist m\u00e9s amunt (amb l&#8217;increment palatal), s&#8217;hagen proposat i utilitzats diferents paradigmes de conjugaci\u00f3 incoativa que s&#8217;apartaven de l&#8217;\u00fas quotidi\u00e0 i que incl\u00fas barrejaven parcialment \u00abtres paradigmes diferents\u00bb, com podem vore en la proposta oferida encara ara per la normativa valenciana:<\/span><\/td>\n<\/tr>\n<\/tbody>\n<\/table>\n<table class=\"aligncenter\" style=\"width: 50%; border-style: hidden;\">\n<tbody>\n<tr style=\"height: 10px;\">\n<th style=\"height: 10px;\"><em>present d\u2019indicatiu<\/em><\/th>\n<th style=\"height: 10px; width=; border-left: 1px solid;\"><em>present de subjuntiu<\/em><\/th>\n<\/tr>\n<tr style=\"height: 95px;\">\n<td style=\"height: px;\">serv<strong>is<\/strong>c<br \/>\nserv<strong>eix<\/strong>es<br \/>\nserv<strong>eix<\/strong><br \/>\nservim<br \/>\nserviu<br \/>\nserv<strong>eix<\/strong>en<\/td>\n<td style=\"height: px; width=; border-left: 1px solid;\">serv<strong>is<\/strong>ca<br \/>\nserv<strong>is<\/strong>ques<br \/>\nserv<strong>is<\/strong>ca<br \/>\nservim<br \/>\nserviu<br \/>\nserv<strong>is<\/strong>quen<\/td>\n<\/tr>\n<\/tbody>\n<\/table>\n<p>En este model es combinen el paradigma popular (d&#8217;on agarren la vocal <em>i<\/em>); el paradigma medieval (d&#8217;on agarren la consonant <em>s<\/em>) i el paradigma del catal\u00e0 central (d&#8217;on agarraven l&#8217;aplec <em>-ei-<\/em>). Una barreja que desat\u00e9n dos factors ben significatius: en primer lloc, la regularitat a qu\u00e8 ha arribat l&#8217;evoluci\u00f3 de l&#8217;\u00fas real (amb l&#8217;\u00fas sistem\u00e0tic de la palatal representada per la <em>-x-<\/em>); en segon lloc, que el model per al catal\u00e0 central atenia precisament l&#8217;evoluci\u00f3 de l&#8217;\u00fas real d&#8217;aquell dialecte, consideraci\u00f3 que tamb\u00e9 s&#8217;hauria d&#8217;haver fet amb la variant valenciana.<\/p>\n<h3>Les formes de present<\/h3>\n<h4>Confusi\u00f3 i silencis en l&#8217;<abbr title=\"Acad\u00e8mia Valenciana de la Llengua\">avl<\/abbr><\/h4>\n<p>L&#8217;Acad\u00e8mia Valenciana de la Llengua ha tractat les formes incoatives de present centrant-se en fer una proposta per a l&#8217;escriptura dels registres formals, per\u00f2 sense atendre amb detall i claredat l&#8217;\u00fas escrit de les formes m\u00e9s usuals i generals. Podem trobar en el diccionari dos notes en la conjugaci\u00f3 dels verbs incoatius que tracten la q\u00fcesti\u00f3 de manera desigual (com ara, al final de la conjugaci\u00f3 del verb <em>agrair<\/em>): <a href=\"https:\/\/www.avl.gva.es\/lexicval\/?paraula=agrair\" target=\"_blank\" rel=\"noopener\"><i class=\"fas fa-external-link-alt\"><\/i><\/a><\/p>\n<blockquote><p><span class=\"notasverbos\">\u2013 En el valenci\u00e0 septentrional: present d&#8217;indicatiu: 1 <\/span><em><span class=\"notasverbos cursiva\">servixo\/serveixo<\/span><\/em><span class=\"notasverbos\"><em>.<\/em><br \/>\n<\/span><span class=\"notasverbos\">\u2013 [&#8230;] La consonant <\/span><em><span class=\"notasverbos cursiva\">s <\/span><\/em><span class=\"notasverbos\">del grup <\/span><em><span class=\"notasverbos cursiva\">-sc <\/span><\/em><span class=\"notasverbos\">(o <\/span><em><span class=\"notasverbos cursiva\">-squ<\/span><\/em><span class=\"notasverbos\"><em>&#8211;<\/em>)<\/span> <span class=\"notasverbos\">es pronuncia habitualment com a palatal [\u0283], pronunciaci\u00f3 que ha tingut una important tradici\u00f3 escrita (<\/span><em><span class=\"notasverbos cursiva\">-xc-<\/span><span class=\"notasverbos\">, <\/span><span class=\"notasverbos cursiva\">-xq-<\/span><\/em><span class=\"notasverbos\">).<\/span><\/p><\/blockquote>\n<p>Tamb\u00e9 trobem una redacci\u00f3 ambigua i confusa sobre la q\u00fcesti\u00f3 en la gram\u00e0tica de l&#8217;<abbr title=\"Acad\u00e8mia Valenciana de la Llengua\">avl<\/abbr> quan fa constar entres les interjeccions la forma\u00a0<em>vixca<\/em> (taula 35.1, p. 329):<\/p>\n<figure id=\"attachment_7860\" aria-describedby=\"caption-attachment-7860\" style=\"width: 453px\" class=\"wp-caption aligncenter\"><a href=\"https:\/\/www.cdlpv.org\/fitxes\/wp-content\/uploads\/2022\/06\/vixca-gnv.png\"><img loading=\"lazy\" decoding=\"async\" class=\"wp-image-7860 \" src=\"https:\/\/www.cdlpv.org\/fitxes\/wp-content\/uploads\/2022\/06\/vixca-gnv-300x63.png\" alt=\"\" width=\"453\" height=\"95\" srcset=\"https:\/\/www.cdlpv.org\/fitxes\/wp-content\/uploads\/2022\/06\/vixca-gnv-300x63.png 300w, https:\/\/www.cdlpv.org\/fitxes\/wp-content\/uploads\/2022\/06\/vixca-gnv.png 595w\" sizes=\"auto, (max-width: 453px) 100vw, 453px\" \/><\/a><figcaption id=\"caption-attachment-7860\" class=\"wp-caption-text\"><span style=\"font-size: 10pt;\">Fragment de la gram\u00e0tica de l&#8217;AVL.<\/span><\/figcaption><\/figure>\n<p>L&#8217;acad\u00e8mia redacta de manera confusa en la <em><abbr class=\"abbrevk\" title=\"Gram\u00e0tica normativa valenciana\">gnv<\/abbr><\/em> (29.5) l&#8217;explicaci\u00f3 de la grafia <em>-sc-<\/em> pronunciada com si fora <em>-ixc-.<\/em> Tampoc indica\u00a0 de quina manera eixa pron\u00fancia i eixa grafia\u00a0de les variants amb l&#8217;aplec <em>-ix- , <\/em>que segons la <em><abbr class=\"abbrevk\" title=\"Gram\u00e0tica normativa valenciana\">gnv<\/abbr><\/em> t\u00e9 una \u00abimportant tradici\u00f3 escrita\u00bb \u2014corresponent a la llengua cl\u00e0ssica: Joanot Martorell, Isabel de Villena, etc., passant per F. de B. Moll i Casasnovas,* Manuel Sanchis Guarner i fins a l&#8217;actualitat<em>\u2014<\/em><em>, <\/em>formen un paradigma regular oral i escrit. Amb tot, s\u00ed que exemplifica les formes \u00ab<em>servixc, servixca, servixques, servixquen; naixc, creixca, ixquera, vixcut<\/em>\u00bb, encara que deixa sense explicac\u00f3 el paradigma complet dels incoatius amb xeix ni en quins dialectes i registres s\u00f3n usuals.<\/p>\n<div class=\"su-note small\"  style=\"border-color:#90bfa5;border-radius:3px;-moz-border-radius:3px;-webkit-border-radius:3px;\"><div class=\"su-note-inner su-u-clearfix su-u-trim\" style=\"background-color:#aad9bf;border-color:#ffffff;color:#333333;border-radius:3px;-moz-border-radius:3px;-webkit-border-radius:3px;\"><strong>* Nota <abbr class=\"sigla\" title=\"Fitxes de dubtes i terminologia\">fdt<\/abbr><\/strong>. Carta a Manuel Sanchis Guarner (29.10.1942): \u00abTe repetixc l&#8217;enhorabona a tu, a Rosa-Maria, a la seva mare i germans\u00bb. (<em>Lletres de resist\u00e8ncia<\/em>, ed. de Santi Cort\u00e9s, 2005). <\/div><\/div>\n<h4>Ampliaci\u00f3 de perspectiva de l&#8217;<abbr class=\"sigla\" title=\"Institut d'Estudis Catalans\">iec<\/abbr><\/h4>\n<p>Amb una perspectiva m\u00e9s ampla, l&#8217;Institut d&#8217;Estudis Catalans dona unes indicacions que faciliten l&#8217;\u00fas escrit d&#8217;estes variants (consulta: 26.06.2024):<\/p>\n<blockquote><p><span class=\"remarca-description\">(<abbr class=\"abbrevk\" title=\"Gram\u00e0tica b\u00e0sica i d'\u00fas de la llengua catalana\">gbulc<\/abbr> 2019, 6.1) En els registres informals s\u2019han generat altres variants en parlars valencians i en tortos\u00ed (1sg <em>servixc<\/em>\/<em>servixco<\/em>; 1sg <em>servixca<\/em>, 2sg <em>servixques<\/em>, etc.) i en parlars nord-occidentals (1sg <em>servisso<\/em>, 2sg <em>servisses<\/em>, etc.). Aquestes variants s\u2019eviten en els registres formals. <a href=\"https:\/\/gbu.iec.cat\/text\/6.1\" target=\"_blank\" rel=\"noopener\"><i class=\"fas fa-external-link-alt\"><\/i><\/a><br \/>\n<\/span><\/p>\n<p>(<abbr class=\"abbrevk\" title=\"Gram\u00e0tica de la llengua catalana\">giec<\/abbr> 2016, 9.4.3.2) En els registres informals s\u2019han generat altres variants que s\u2019expliquen per l\u2019atracci\u00f3 que s\u2019estableix entre les sibilants dels dos al\u00b7lomorfs de l\u2019increment, que tendeixen a prendre el mateix lloc d\u2019articulaci\u00f3, habitualment a favor de la realitzaci\u00f3 palatal en parlars valencians i en tortos\u00ed (1 <em>servixc<\/em> en valenci\u00e0 o <em>servixco<\/em> en tortos\u00ed; 1 <em>servixca<\/em>, 2 <em>servixques<\/em>, etc.), per\u00f2 tamb\u00e9 a vegades amb resultat alveolar en parlars nord-occidentals (1 <em>servisso<\/em>, 2 <em>servisses<\/em>, etc.). <a href=\"https:\/\/giec.iec.cat\/textgramatica\/codi\/9.4.3.2\" target=\"_blank\" rel=\"noopener\"><i class=\"fas fa-external-link-alt\"><\/i><\/a><\/p><\/blockquote>\n<p><strong>Present d&#8217;indicatiu<br \/>\n<\/strong>Quant al present d&#8217;indicatiu, la Secci\u00f3 Filol\u00f2gica de l&#8217;<span class=\"versaleta\">iec<\/span> va aprovar en 1993 la primera versi\u00f3 del paradigma d&#8217;estos verbs amb infinitiu en <em>-ir.<\/em> Adoptaven aleshores una barreja d&#8217;increments morfol\u00f2gics <em>(-isc, -eixes, -eix, -im, -iu, -eixen);<\/em> en el 1999, la proposta per a un suposat \u00abest\u00e0ndard oral\u00bb de l&#8217;<span class=\"versaleta\">iec,<\/span> i posteriorment la normativa emesa per l&#8217;<abbr title=\"Acad\u00e8mia Valenciana de la Llengua\">avl<\/abbr>, han donat l&#8217;opci\u00f3 de regularitzar eixe increment en algunes persones <em>(-isc, <strong>-ixes,<\/strong> <strong>-ix,<\/strong> -im, -iu, <strong>-ixen<\/strong>),<\/em> eliminant la <em>-e<\/em> del central (tamb\u00e9 oriental i medieval), actualment en des\u00fas al Pa\u00eds Val\u00e8ncia. L&#8217;acad\u00e8mia s&#8217;acosta aixina un poc m\u00e9s al sistema valenci\u00e0, regular i viu, que usa la vocal <em>i<\/em> en totes les formes i que forma l&#8217;increment incoatiu sempre amb la palatal <em>-x:<\/em> <em>-ixc, -ixes, -ix, &#8230;, -ixen.<br \/>\n<\/em><\/p>\n<p><strong>Present de subjuntiu<br \/>\n<\/strong>Per contra, en el cas del present de subjuntiu, l&#8217;acad\u00e8mia continua evitant tractar clarament la forma amb palatal i exemplifica en general amb la forma amb <em>-s (-isca, -isques, -isca, -im, -iu, -isquen)<\/em>, encara que hem vist que s\u00ed que proposa la interjecci\u00f3\u00a0<em>vixca<\/em><em>.<\/em> \u00c9s a dir, l&#8217;acad\u00e8mia encara no han tractat de manera clara la regularitzaci\u00f3 del canvi <em>-s &gt; -x<\/em> produ\u00efda tant en catal\u00e0 central <em>(-eixi, -eixis, -eixi, -im, -iu, -eixin)<\/em> com en occidental <em>(-ixca, -ixques, -ixca, -im, -iu, -ixquen),<\/em> on s&#8217;aplica la palatalitzaci\u00f3 de manera general.<\/p>\n<h3>Verbs que no eren incoatius<\/h3>\n<p><strong>Els verbs amb infinitiu acabat en <em>-ir<\/em> que no eren incoatius<br \/>\n<\/strong>Hi ha un nombre redu\u00eft de verbs d&#8217;esta conjugaci\u00f3 (una cinquantena, si hi incloem els derivats) que no s\u00f3n incoatius i que es solen denominar <a title=\"Josep Giner en va dir \u00abtercera conjugaci\u00f3 curta\u00bb\">\u00abpurs\u00bb<\/a>. Estos verbs haurien de seguir el model de la llengua antiga (amb formes com <em>jo cus, jo dorm<\/em>). El cas \u00e9s que aix\u00f2 ja no \u00e9s del tot aixina, ja que uns quants, seguint \u00abla tend\u00e8ncia expansiva, en la majoria de dialectes del catal\u00e0, de l\u2019extensi\u00f3 palatal\u00bb exposada per Perea Sabater (2004), s\u00f3n tamb\u00e9 incoatius (com ara <em>bollir<\/em>), altres han afegit una extensi\u00f3 velar (com la segona conjugaci\u00f3: <em>jo cusc, jo dorc<\/em>) i altres afigen la desin\u00e8ncia <em>-o <\/em>(com ara <em>jo surto<\/em>):<\/p>\n<table style=\"border-collapse: collapse; width: 84.7129%;\">\n<tbody>\n<tr>\n<td style=\"width: 47.3626%;\"><strong><em>Verbs que no eren incoatius<\/em><\/strong><\/td>\n<td style=\"width: 37.3503%;\"><strong><em>Verbs que tenien dos possibilitats<br \/>\n<\/em><\/strong><strong><em>(sense increment \/ incoativa)<\/em><\/strong><\/td>\n<\/tr>\n<tr>\n<td style=\"width: 47.3626%;\"><em>bollir, collir, cosir, cruixir, dormir, eixir, fugir, grunyir, morir, munyir, obrir, omplir, pruir, pudir, retrunyir, sentir, sortir, tenir <\/em>(o<em> tindre<\/em>),<sup>3<\/sup><em> tossir, venir <\/em>(o <em>vindre<\/em>),<sup>3<\/sup> <em>vestir<\/em><\/td>\n<td style=\"width: 37.3503%;\"><em>acudir, afegir, brumir, brunzir, consentir, consumir, <\/em><em>desmentir, engolir, escollir, escopir, fregir, llegir, lluir, mentir, oir, <\/em><em>percudir, presumir, renyir, teixir, tenyir<\/em><\/td>\n<\/tr>\n<tr>\n<td style=\"width: 47.3626%;\"><span style=\"font-size: 10pt;\"><div class=\"su-note\"  style=\"border-color:#e5e54c;border-radius:3px;-moz-border-radius:3px;-webkit-border-radius:3px;\"><div class=\"su-note-inner su-u-clearfix su-u-trim\" style=\"background-color:#FFFF66;border-color:#ffffff;color:#333333;border-radius:3px;-moz-border-radius:3px;-webkit-border-radius:3px;\"> <b>Nota 3.<\/b> Quant a <em>tenir<\/em> i <em>venir<\/em>: els infinitius regularitzats s\u00f3n <em>tindre<\/em> i\u00a0<em>vindre<\/em> i les formes conjugades d&#8217;estos verbs mostren que pertanyen a la segona conjugaci\u00f3 i no a la tercera. Ho comenta Saragoss\u00e0 (2021): \u00abl\u2019antic venir t\u00e9 31 formes de la segona flexi\u00f3 (<em>vinc,<\/em> i els temps de <em>que vinga, vingu\u00ed, que vinguera, vindr\u00e9, vindria,<\/em> m\u00e9s <em>venia<\/em>). En canvi, nom\u00e9s en t\u00e9 4 de la tercera flexi\u00f3 (<em>venim, veniu, venint<\/em> i <em>venir<\/em>)\u00bb.<\/div><\/div><\/span><\/td>\n<\/tr>\n<\/tbody>\n<\/table>\n<p>La llista \u00e9s curta i va reduint-se: la variaci\u00f3 dialectal mostra que va estenent-se la regularitzaci\u00f3. En general, es produ\u00efx la transformaci\u00f3 d&#8217;estos verbs en incoatius (que es deplacen cap a la tercera conjugaci\u00f3, com <em>sentixc,<\/em> <em>cruixca, grunyix, munyix <\/em>en ciutats diferents; veg. l&#8217;article de Maria Pilar Perea); o en verbs amb extensi\u00f3 velar (que es deplacen cap a la segona conjugaci\u00f3: <em>tinc<\/em>).<\/p>\n<p><strong>Altres verbs incoatius i m\u00e9s regularitzacions<br \/>\n<\/strong>Fora de la tercera flexi\u00f3, hi ha verbs que, de manera general o parcial, han anat integrant en el radical l&#8217;increment <em>-sc- &gt; -ix-: con\u00e9ixer, cr\u00e9ixer, eixir, mer\u00e9ixer, n\u00e0ixer, par\u00e9ixer, p\u00e9ixer, viure&#8230;<\/em> Estos verbs han anat regularitzant-se amb la palatalitzaci\u00f3 de l&#8217;antic increment incoatiu. A m\u00e9s, hi ha verbs de la segona flexi\u00f3 que, seguint l&#8217;estela dels verbs en <em>-ir<\/em> amb increment, van adoptant la forma incoativa, fet que la normativa encara no ha validat (podem pensar en <em>concebre, dependre, <\/em><em>incloure <\/em>o<em> permetre<\/em>).<\/p>\n<p>Un altre efecte del proc\u00e9s de regularitzaci\u00f3 d&#8217;estes flexions verbals, seguint la petja de la palatalitzaci\u00f3 experimentada pels incoatius, \u00e9s la que indica la gram\u00e0tica de l&#8217;acad\u00e8mia: <a href=\"http:\/\/www.avl.gva.es\/gnv\/buscador.jsp?gramatica=GVB&amp;index=29_5_e\" target=\"_blank\" rel=\"noopener\"><i class=\"fas fa-external-link-alt\"><\/i><\/a><\/p>\n<blockquote><p>Notem, a m\u00e9s, que la consonant <em>s<\/em> del grup <em>-sc<\/em> es pronuncia\u00a0 habitualment com a palatal tant en els verbs incoatius com en els verbs de la segona conjugaci\u00f3 que contenen l&#8217;esmentat grup [<span class=\"versaleta\">v<\/span>. \u00a7 30.2.1.<em>b<\/em>]:\u00a0<em>servixc, servixca, servixques, servixquen; naixc, creixca, ixquera, vixcut.<\/em><\/p><\/blockquote>\n<hr \/>\n<p>Bibliografia principal consultada per a confeccionar esta fitxa:<\/p>\n<ul>\n<li>Acad\u00e8mia Valenciana de la Llengua:\u00a0<em>Diccionari normatiu valenci\u00e0. <\/em><a href=\"http:\/\/www.avl.gva.es\/lexicval\/?paraula=servir\" target=\"_blank\" rel=\"noopener\"><i class=\"fas fa-external-link-alt\"><\/i><\/a><\/li>\n<li>Acad\u00e8mia Valenciana de la Llengua (2006):\u00a0<em>Gram\u00e0tica normativa valenciana. <\/em><a href=\"https:\/\/www.avl.gva.es\/gnv\/\" target=\"_blank\" rel=\"noopener\"><i class=\"fas fa-external-link-alt\"><\/i><\/a><\/li>\n<li>Colomina i Castanyer, Jordi (2021): <em>La llengua de sant Vicent Ferrer<\/em>.<\/li>\n<li>Fabra i Poch, Pompeu (1912): <em>Gram\u00e1tica de la lengua catalana<\/em>. <a href=\"https:\/\/ocpf.iec.cat\/v1\/OCPF_Vol_1_0547.pdf\" target=\"_blank\" rel=\"noopener\"><i class=\"fas fa-file-pdf\"><\/i><\/a><\/li>\n<li>Fabra i Poch, Pompeu (1918): <em>Gram\u00e0tica catalana. <\/em><a href=\"https:\/\/publicacions.iec.cat\/repository\/pdf\/00000044\/00000005.pdf\" target=\"_blank\" rel=\"noopener\"><i class=\"fas fa-file-pdf\"><\/i><\/a><\/li>\n<li>Fabra i Poch, Pompeu (1922): \u00ab266. 22.11.1922. <span class=\"versaleta\">xiv<\/span>\u00bb, <em>Converses filol\u00f2giques. <\/em><a href=\"https:\/\/publicacions.iec.cat\/repository\/pdf\/00000155\/00000055.pdf\" target=\"_blank\" rel=\"noopener\"><i class=\"fas fa-file-pdf\"><\/i><\/a><\/li>\n<li>Institut d&#8217;Estudis Catalans (1999): <em>Proposta per a un est\u00e0ndard oral de la llengua catalana, II. Morfologia<\/em>. <a href=\"https:\/\/publicacions.iec.cat\/repository\/pdf\/00000039\/00000073.pdf\" target=\"_blank\" rel=\"noopener\"><i class=\"fas fa-file-pdf\"><\/i><\/a><\/li>\n<li>Institut d&#8217;Estudis Catalans (2016):\u00a0<em>Gram\u00e0tica de la llengua catalana<\/em>.\u00a0<a href=\"https:\/\/giec.iec.cat\/textgramatica\/codi\/9.4.3.2\" target=\"_blank\" rel=\"noopener\"><i class=\"fas fa-external-link-alt\"><\/i><\/a><\/li>\n<li>Institut d&#8217;Estudis Catalans (2019): <em>Gram\u00e0tica b\u00e0sica i d&#8217;\u00fas de la llengua catalana<\/em> <a href=\"https:\/\/gbu.iec.cat\/text\/6.1\" target=\"_blank\" rel=\"noopener\"><i class=\"fas fa-external-link-alt\"><\/i><\/a><\/li>\n<li>Lacreu Cuesta, Josep (2017): \u00abEl morfema de la disc\u00f2rdia\u00bb, <em>Pren la Paraula,<\/em> 20.06.2017. <a href=\"https:\/\/red.levante-emv.com\/joseplacreu\/2017\/06\/30\/el-morfema-de-la-discordia\/\" target=\"_blank\" rel=\"noopener\"><i class=\"fas fa-external-link-alt\"><\/i><\/a><\/li>\n<li>Perea Sabater, Maria Pilar (2004): \u00abL\u2019expansi\u00f3 dels verbs incoatius en catal\u00e0. Distribuci\u00f3 i valor del segment extensi\u00f3 \u201c-eix-\u201d\u00bb. <a href=\"http:\/\/www.ub.edu\/lexdialgramarxius\/Extensio_eix.pdf\" target=\"_blank\" rel=\"noopener\"><i class=\"fas fa-file-pdf\"><\/i><\/a><\/li>\n<li>P\u00e9rez Saldanya, Manuel; Rigau Oliver, Gemma (2005): \u00abVariaci\u00f3 gramatical i prescripci\u00f3\u00bb.<\/li>\n<li>Sanchis Guarner, Manuel (1950; ed. 1993):\u00a0<em>Gram\u00e0tica valenciana.<\/em><\/li>\n<li>Saragoss\u00e0 Alba, Abelard (2021): \u00abAtreviu-vos a saber. Gram\u00e0tica de l\u2019<span class=\"versaleta\">iec<\/span> (6): Models de la flexi\u00f3 verbal\u00bb, <em>Normativa: des dels Parlants i per als Parlants<\/em><em>, <\/em>03.01.2021. <a href=\"https:\/\/blocs.mesvilaweb.cat\/abelard-saragossa\/atreviu-vos-a-saber-gramatica-de-liec-6-models-de-la-flexio-verbal\/\" target=\"_blank\" rel=\"noopener\"><i class=\"fas fa-external-link-alt\"><\/i><\/a><\/li>\n<li>Saragoss\u00e0 Alba, Abelard (2006): \u00abLes formes incoatives de la tercera conjugaci\u00f3 <em>(patixc, patesc, pateixc, patisc)<\/em>\u00bb. <a href=\"https:\/\/www.einesdellengua.com\/Fitxes\/Textos\/Arxius\/incoatius\/incoatius.pdf\" target=\"_blank\" rel=\"noopener\"><i class=\"fas fa-file-pdf\"><\/i><\/a><\/li>\n<li>Saragoss\u00e0 Alba, Abelard (2007): \u00abLa norma <em>jo preferisc, tu prefereixes,<\/em> \u00bfper qu\u00e8 no s\u2019assimila?\u00bb. <a href=\"https:\/\/www.academia.edu\/35376074\/La_norma_jo_preferisc_tu_prefereixes_per_qu%C3%A8_no_sassimila\" target=\"_blank\" rel=\"noopener\"><i class=\"fas fa-external-link-alt\"><\/i><\/a><\/li>\n<li>Saragoss\u00e0 Alba, Abelard (2018): <em>El valencianisme ling\u00fc\u00edstic.<\/em><\/li>\n<\/ul>\n","protected":false},"excerpt":{"rendered":"<p>En l&#8217;\u00e0mbit general \u2014i ling\u00fc\u00edstic\u2014, l&#8217;adjectiu incoatiu -iva fa refer\u00e8ncia a elements que indiquen un canvi d&#8217;estat o un inici d&#8217;un nou estat. A partir d&#8217;eixa caracter\u00edstica aplicada als verbs del llat\u00ed, la normativa gramatical sobre la morfologia verbal ha adoptat l&#8217;adjectiu incoatiu -iva per a fer refer\u00e8ncia a un determinat grup de verbs (dnv; [&hellip;]<\/p>\n","protected":false},"author":1,"featured_media":0,"comment_status":"open","ping_status":"open","sticky":false,"template":"","format":"standard","meta":{"footnotes":""},"categories":[73],"tags":[108,62],"class_list":["post-4845","post","type-post","status-publish","format-standard","hentry","category-lletra-i","tag-morfologia","tag-verbs"],"post_mailing_queue_ids":[],"_links":{"self":[{"href":"https:\/\/www.cdlpv.org\/fitxes\/wp-json\/wp\/v2\/posts\/4845","targetHints":{"allow":["GET"]}}],"collection":[{"href":"https:\/\/www.cdlpv.org\/fitxes\/wp-json\/wp\/v2\/posts"}],"about":[{"href":"https:\/\/www.cdlpv.org\/fitxes\/wp-json\/wp\/v2\/types\/post"}],"author":[{"embeddable":true,"href":"https:\/\/www.cdlpv.org\/fitxes\/wp-json\/wp\/v2\/users\/1"}],"replies":[{"embeddable":true,"href":"https:\/\/www.cdlpv.org\/fitxes\/wp-json\/wp\/v2\/comments?post=4845"}],"version-history":[{"count":116,"href":"https:\/\/www.cdlpv.org\/fitxes\/wp-json\/wp\/v2\/posts\/4845\/revisions"}],"predecessor-version":[{"id":7863,"href":"https:\/\/www.cdlpv.org\/fitxes\/wp-json\/wp\/v2\/posts\/4845\/revisions\/7863"}],"wp:attachment":[{"href":"https:\/\/www.cdlpv.org\/fitxes\/wp-json\/wp\/v2\/media?parent=4845"}],"wp:term":[{"taxonomy":"category","embeddable":true,"href":"https:\/\/www.cdlpv.org\/fitxes\/wp-json\/wp\/v2\/categories?post=4845"},{"taxonomy":"post_tag","embeddable":true,"href":"https:\/\/www.cdlpv.org\/fitxes\/wp-json\/wp\/v2\/tags?post=4845"}],"curies":[{"name":"wp","href":"https:\/\/api.w.org\/{rel}","templated":true}]}}