{"id":4828,"date":"2022-05-10T20:30:16","date_gmt":"2022-05-10T18:30:16","guid":{"rendered":"https:\/\/www.cdlpv.org\/fitxes\/?p=4828"},"modified":"2022-07-20T18:42:42","modified_gmt":"2022-07-20T16:42:42","slug":"milenista","status":"publish","type":"post","link":"https:\/\/www.cdlpv.org\/fitxes\/milenista\/","title":{"rendered":"mi\u0140lenista"},"content":{"rendered":"<div class=\"entry-content\">\n<p>El terme angl\u00e9s <em>millennial<\/em> ha segut adaptat pel Termcat\u00a0<a href=\"https:\/\/vocabularibocv.wordpress.com\/2022\/03\/24\/millennista\/\" target=\"_blank\" rel=\"noopener\"><i class=\"fas fa-external-link-alt\"><\/i><\/a> (el <span class=\"versaleta\">ptv<\/span> de l&#8217;<span class=\"versaleta\">avl<\/span> fa la mateixa proposta) <a href=\"https:\/\/www.avl.gva.es\/lexicval\/ptv?paraula=mil%C2%B7lenista\" target=\"_blank\" rel=\"noopener\"><i class=\"fas fa-external-link-alt\"><\/i><\/a> amb la forma <em>mi\u0140lenista<\/em> (o <em>mi\u0140leniste -ta<\/em>):<\/p>\n<blockquote><p><em>ca<\/em> <strong>mi\u0140lennista,<\/strong> <em>n m, f<\/em><br \/>\n<em>es<\/em> milenial, <em>n m, f<\/em><br \/>\n<em>es<\/em> mil\u00e9nico | mil\u00e9nica, <em>n m, f<\/em><br \/>\n<em>es<\/em> milenista, <em>n m, f<\/em><br \/>\n<em>fr<\/em> echo-boomer, <em>n m, f<\/em><br \/>\n<em>fr<\/em> mill\u00e9niste, <em>n m, f<\/em><br \/>\n<em>fr<\/em> post-boomer, <em>n m, f<\/em><br \/>\n<em>fr<\/em> \u00e9cho-boomer, <em>n m, f var. ling.<\/em><br \/>\n<em>en<\/em> echo boomer, <em>n<\/em><br \/>\n<em>en<\/em> gen yer, <em>n<\/em><br \/>\n<em>en<\/em> Gen-Next, <em>n<\/em><br \/>\n<em>en<\/em> generation Yer, <em>n<\/em><br \/>\n<em>en<\/em> millennial, <em>n<\/em><br \/>\n<em>en<\/em> nexer, <em>n<\/em><br \/>\n<em>en<\/em> nexter, <em>n<\/em><br \/>\n<em>en<\/em> post-boomer, <em>n<\/em><\/p>\n<p><em>Sociologia<\/em><br \/>\n<strong>Definici\u00f3<\/strong><br \/>\nPersona que forma part de la generaci\u00f3 del mil\u00b7lenni.<\/p><\/blockquote>\n<p>Una altra opci\u00f3 que mos comenta per Albert Pla Nualart (12.06.2022) \u00e9s <em>mi\u0140lennial:\u00a0<\/em><\/p>\n<blockquote><p>Al diari <em><span class=\"versaleta\">ara<\/span><\/em> ja fa m\u00e9s d\u2019un any que vam optar per <em>mi\u0140lennial<\/em>, i la veritat \u00e9s que ens funciona molt b\u00e9 i el redactors ja ho escriuen aix\u00ed directament. En aquest <a href=\"https:\/\/llegim.ara.cat\/opinio\/encara-millennials-pugui-semblar-estrany_1_2744442.html\" target=\"_blank\" rel=\"noopener\">article<\/a> defenso la proposta.<\/p><\/blockquote>\n<p>Pla Nualart (\u00abEncara que als mil\u00b7lennials els pugui semblar estrany\u00bb,\u00a0<em>Ara,<\/em> 09.06.2022) <a href=\"https:\/\/llegim.ara.cat\/opinio\/encara-millennials-pugui-semblar-estrany_1_2744442.html\" target=\"_blank\" rel=\"noopener\"><i class=\"fas fa-external-link-alt\"><\/i><\/a> fa una proposta arrelada en la regularitat de la formaci\u00f3 de derivats:<\/p>\n<blockquote><p>Si volem evitar que el <em>millennial,<\/em> com el <em>baby boomer,<\/em> no acabi mai de ser catal\u00e0, crec que hi ha una proposta amb for\u00e7a m\u00e9s ganxo: <em>mi\u0140lennial<\/em> (pronunciat <em>mileni\u00e0l<\/em> ). [&#8230;] <em>mi\u0140lennial<\/em> no \u00e9s una mera adaptaci\u00f3 fon\u00e8tica o ortogr\u00e0fica del mot angl\u00e8s. \u00c9s tamb\u00e9 una paraula a qu\u00e8 el catal\u00e0 pot arribar tot sol afegint a <em>mi\u0140lenni<\/em> el sufix <em>mi\u0140lenni-al,<\/em> que vol dir \u00abrelatiu o referent a\u00bb; exactament igual com <em>tropical<\/em> \u00e9s relatiu al <em>tr\u00f2pic<\/em> i<em> inte\u0140lectual<\/em> relatiu a l\u2019<em>intel\u00b7lecte.<\/em><\/p><\/blockquote>\n<hr \/>\n<p><strong>En castell\u00e0<em>, <\/em><\/strong>la Fund\u00e9u (<a href=\"https:\/\/href.li\/?https:\/\/www.fundeu.es\/recomendacion\/milenico-y-milenial-mejor-que-millennial\/\" target=\"_blank\" rel=\"noopener noreferrer\">23.09.2016<\/a>)\u00a0 proposa <em>mil\u00e9nico -ca<\/em> o<em> milenial. <\/em>La forma m\u00e9s usual deu ser <em>milenial,<\/em> que fa el plural <em>mil\u00e9niales<\/em>.<em><br \/>\n<\/em><\/p>\n<\/div>\n","protected":false},"excerpt":{"rendered":"<p>El terme angl\u00e9s millennial ha segut adaptat pel Termcat\u00a0 (el ptv de l&#8217;avl fa la mateixa proposta) amb la forma mi\u0140lenista (o mi\u0140leniste -ta): ca mi\u0140lennista, n m, f es milenial, n m, f es mil\u00e9nico | mil\u00e9nica, n m, f es milenista, n m, f fr echo-boomer, n m, f fr mill\u00e9niste, n m, [&hellip;]<\/p>\n","protected":false},"author":1,"featured_media":0,"comment_status":"open","ping_status":"open","sticky":false,"template":"","format":"standard","meta":{"footnotes":""},"categories":[11],"tags":[17,13,91,47],"class_list":["post-4828","post","type-post","status-publish","format-standard","hentry","category-lletra-m","tag-lexic","tag-neologia","tag-substantius","tag-termcat"],"post_mailing_queue_ids":[],"_links":{"self":[{"href":"https:\/\/www.cdlpv.org\/fitxes\/wp-json\/wp\/v2\/posts\/4828","targetHints":{"allow":["GET"]}}],"collection":[{"href":"https:\/\/www.cdlpv.org\/fitxes\/wp-json\/wp\/v2\/posts"}],"about":[{"href":"https:\/\/www.cdlpv.org\/fitxes\/wp-json\/wp\/v2\/types\/post"}],"author":[{"embeddable":true,"href":"https:\/\/www.cdlpv.org\/fitxes\/wp-json\/wp\/v2\/users\/1"}],"replies":[{"embeddable":true,"href":"https:\/\/www.cdlpv.org\/fitxes\/wp-json\/wp\/v2\/comments?post=4828"}],"version-history":[{"count":9,"href":"https:\/\/www.cdlpv.org\/fitxes\/wp-json\/wp\/v2\/posts\/4828\/revisions"}],"predecessor-version":[{"id":5041,"href":"https:\/\/www.cdlpv.org\/fitxes\/wp-json\/wp\/v2\/posts\/4828\/revisions\/5041"}],"wp:attachment":[{"href":"https:\/\/www.cdlpv.org\/fitxes\/wp-json\/wp\/v2\/media?parent=4828"}],"wp:term":[{"taxonomy":"category","embeddable":true,"href":"https:\/\/www.cdlpv.org\/fitxes\/wp-json\/wp\/v2\/categories?post=4828"},{"taxonomy":"post_tag","embeddable":true,"href":"https:\/\/www.cdlpv.org\/fitxes\/wp-json\/wp\/v2\/tags?post=4828"}],"curies":[{"name":"wp","href":"https:\/\/api.w.org\/{rel}","templated":true}]}}