{"id":4814,"date":"2022-05-09T20:30:47","date_gmt":"2022-05-09T18:30:47","guid":{"rendered":"https:\/\/www.cdlpv.org\/fitxes\/?p=4814"},"modified":"2022-05-09T13:10:51","modified_gmt":"2022-05-09T11:10:51","slug":"vocalia","status":"publish","type":"post","link":"https:\/\/www.cdlpv.org\/fitxes\/vocalia\/","title":{"rendered":"vocalia"},"content":{"rendered":"<p>La paraula <em>vocalia<\/em> no apareix en els diccionaris habituals (tal com comenta Bernat Oliver Maj\u00f3 en un apunt d&#8217;<span class=\"versaleta\">aoetic; 06.05.2022<\/span>), <a href=\"https:\/\/aoetic.iec.cat\/vocalia\/\" target=\"_blank\" rel=\"noopener\"><i class=\"fas fa-external-link-alt\"><\/i><\/a> a pesar que \u00e9s usual en l&#8217;administraci\u00f3 p\u00fablica amb els significats &#8216;c\u00e0rrec o ofici de vocal&#8217; o &#8216;departament assignat a un vocal&#8217;. El <span class=\"versaleta\"><em>dnv<\/em><\/span> (consulta: <a href=\"https:\/\/www.avl.gva.es\/lexicval\/?paraula=regidoria\" target=\"_blank\" rel=\"noopener\">09.05.2022<\/a>) dona les accepcions administratives seg\u00fcents per a <em>vocal:<\/em><\/p>\n<blockquote><p><em>m.<\/em> i <em>f.<\/em> DRET Membre d&#8217;una junta, un tribunal, una mesa electoral, una comissi\u00f3 o una assemblea, que no t\u00e9 cap c\u00e0rrec especialment qualificat.<br \/>\n<em>m.<\/em> i <em>f.<\/em> DRET Persona que t\u00e9 veu en una junta, un consell o una convenci\u00f3.<\/p><\/blockquote>\n<p>L&#8217;\u00fas d&#8217;esta paraula en l&#8217;\u00e0mbit administratiu \u00e9s habitual i general, cosa que s&#8217;ent\u00e9n si es t\u00e9 en compte que en castell\u00e0 <em>vocal\u00eda<\/em> t\u00e9 estos mateixos significats i s\u00ed que apareix en el <span class=\"versaleta\"><em>drae<\/em><\/span>. <a href=\"https:\/\/dle.rae.es\/vocal%C3%ADa\" target=\"_blank\" rel=\"noopener\"><i class=\"fas fa-external-link-alt\"><\/i><\/a><\/p>\n","protected":false},"excerpt":{"rendered":"<p>La paraula vocalia no apareix en els diccionaris habituals (tal com comenta Bernat Oliver Maj\u00f3 en un apunt d&#8217;aoetic; 06.05.2022), a pesar que \u00e9s usual en l&#8217;administraci\u00f3 p\u00fablica amb els significats &#8216;c\u00e0rrec o ofici de vocal&#8217; o &#8216;departament assignat a un vocal&#8217;. El dnv (consulta: 09.05.2022) dona les accepcions administratives seg\u00fcents per a vocal: m. [&hellip;]<\/p>\n","protected":false},"author":1,"featured_media":0,"comment_status":"open","ping_status":"open","sticky":false,"template":"","format":"standard","meta":{"footnotes":""},"categories":[84],"tags":[20,17,91],"class_list":["post-4814","post","type-post","status-publish","format-standard","hentry","category-lletra-v","tag-juridicoadministratiu","tag-lexic","tag-substantius"],"post_mailing_queue_ids":[],"_links":{"self":[{"href":"https:\/\/www.cdlpv.org\/fitxes\/wp-json\/wp\/v2\/posts\/4814","targetHints":{"allow":["GET"]}}],"collection":[{"href":"https:\/\/www.cdlpv.org\/fitxes\/wp-json\/wp\/v2\/posts"}],"about":[{"href":"https:\/\/www.cdlpv.org\/fitxes\/wp-json\/wp\/v2\/types\/post"}],"author":[{"embeddable":true,"href":"https:\/\/www.cdlpv.org\/fitxes\/wp-json\/wp\/v2\/users\/1"}],"replies":[{"embeddable":true,"href":"https:\/\/www.cdlpv.org\/fitxes\/wp-json\/wp\/v2\/comments?post=4814"}],"version-history":[{"count":3,"href":"https:\/\/www.cdlpv.org\/fitxes\/wp-json\/wp\/v2\/posts\/4814\/revisions"}],"predecessor-version":[{"id":4823,"href":"https:\/\/www.cdlpv.org\/fitxes\/wp-json\/wp\/v2\/posts\/4814\/revisions\/4823"}],"wp:attachment":[{"href":"https:\/\/www.cdlpv.org\/fitxes\/wp-json\/wp\/v2\/media?parent=4814"}],"wp:term":[{"taxonomy":"category","embeddable":true,"href":"https:\/\/www.cdlpv.org\/fitxes\/wp-json\/wp\/v2\/categories?post=4814"},{"taxonomy":"post_tag","embeddable":true,"href":"https:\/\/www.cdlpv.org\/fitxes\/wp-json\/wp\/v2\/tags?post=4814"}],"curies":[{"name":"wp","href":"https:\/\/api.w.org\/{rel}","templated":true}]}}