{"id":4775,"date":"2022-04-12T20:30:05","date_gmt":"2022-04-12T18:30:05","guid":{"rendered":"https:\/\/www.cdlpv.org\/fitxes\/?p=4775"},"modified":"2022-04-12T21:22:25","modified_gmt":"2022-04-12T19:22:25","slug":"super","status":"publish","type":"post","link":"https:\/\/www.cdlpv.org\/fitxes\/super\/","title":{"rendered":"super-"},"content":{"rendered":"<p>Seguint la norma ortogr\u00e0fica general, este prefix s&#8217;hauria d&#8217;escriure sempre aglutinat amb la paraula amb la qual conforma un terme nou, tal com indica el <em><span class=\"versaleta\">dnv<\/span>: <\/em><a href=\"http:\/\/www.avl.gva.es\/lexicval\/?paraula=super-\" target=\"_blank\" rel=\"noopener\"><i class=\"fas fa-external-link-alt\"><\/i><\/a><\/p>\n<blockquote><p><strong>super-<\/strong><br \/>\nPrefix provinent de la paraula llatina super, que:<br \/>\n<strong>1.<\/strong> <em>afix<\/em> Significa &#8216;sobre&#8217;, amb una relaci\u00f3 de lloc. <em>Superposar.<\/em><br \/>\n<strong>2.<\/strong> <em>afix<\/em> Indica superioritat en rang o en m\u00e8rit. <em>Superintendent.<\/em><br \/>\n<strong>3.<\/strong> <em>afix<\/em> Significa &#8216;m\u00e9s enll\u00e0&#8217;, amb una relaci\u00f3 de temps. <em>Supervivent.<\/em><br \/>\n<strong>4.<\/strong> <em>afix<\/em> Significa &#8216;en exc\u00e9s&#8217;, amb la idea de sobrar. <em>Superabundant.<\/em><\/p><\/blockquote>\n<p>La indicaci\u00f3 general \u00e9s clara i simple en estos casos i permet preveure l&#8217;escriptura d&#8217;altres paraules usuals (que no sempre apareixen en els diccionaris): <em>superb\u00e9, supercr\u00edtic, superdona, superfant\u00e0stic, superf\u00ed, superj\u00f3&#8230;<\/em><\/p>\n<p>Hi ha altres casos en qu\u00e8 l&#8217;ortografia (<span class=\"versaleta\"><em>oiec<\/em><\/span> 4.3.1.3) ha optat per una soluci\u00f3 diferent:<\/p>\n<blockquote>\n<ul>\n<li>Quan el prefix precedeix elements amb particularitats gr\u00e0fiques, com ara maj\u00fascules, <strong>xifres<\/strong>, s\u00edmbols, cometes o mots en cursiva: <em>s\u00faper 8.<\/em><\/li>\n<li>Quan modifica locucions: <em>s\u00faper a prop d&#8217;ac\u00ed, s\u00faper a gust.<\/em><\/li>\n<\/ul>\n<\/blockquote>\n<p>En estos dos casos, a l&#8217;indicar que cal accentuar-lo, es pot confondre amb l&#8217;adjectiu i adverbi <em>s\u00faper<\/em>: <a href=\"http:\/\/www.avl.gva.es\/lexicval\/?paraula=s\u00faper\" target=\"_blank\" rel=\"noopener\"><i class=\"fas fa-external-link-alt\"><\/i><\/a><\/p>\n<blockquote><p><strong>1.<\/strong> adj. [col\u00b7loq.] Magn\u00edfic, molt bo o molt complet. <em>Hem fet un viatge s\u00faper.<\/em><br \/>\n<strong>2.<\/strong> adv. [col\u00b7loq.] Molt b\u00e9. <em>L&#8217;espectacle va estar s\u00faper.<\/em><\/p><\/blockquote>\n<hr \/>\n<p><strong>En castell\u00e0,<\/strong> la Fund\u00e9u (10.06.2014) <a href=\"https:\/\/www.fundeu.es\/recomendacion\/super-superestrella-superheroe-coalicion-prefijo-815\/\" target=\"_blank\" rel=\"noopener\"><i class=\"fas fa-external-link-alt\"><\/i><\/a> tamb\u00e9 mant\u00e9 en estos \u00faltims casos el prefix separat, per\u00f2 el deixa sense accentuar, cosa que tamb\u00e9 pot induir a confusi\u00f3 ortogr\u00e0fica:<\/p>\n<blockquote><p>Excepcionalmente, y como ocurre con todos los prefijos,\u00a0se escribe separado de la base a la que afecta cuando esta\u00a0est\u00e1 formada por un conjunto de palabras con un significado unitario (<em>super de moda<\/em>,\u00a0<em>super a gusto, super gran coalici\u00f3n<\/em>\u2026).<\/p><\/blockquote>\n","protected":false},"excerpt":{"rendered":"<p>Seguint la norma ortogr\u00e0fica general, este prefix s&#8217;hauria d&#8217;escriure sempre aglutinat amb la paraula amb la qual conforma un terme nou, tal com indica el dnv: super- Prefix provinent de la paraula llatina super, que: 1. afix Significa &#8216;sobre&#8217;, amb una relaci\u00f3 de lloc. Superposar. 2. afix Indica superioritat en rang o en m\u00e8rit. Superintendent. [&hellip;]<\/p>\n","protected":false},"author":1,"featured_media":0,"comment_status":"open","ping_status":"open","sticky":false,"template":"","format":"standard","meta":{"footnotes":""},"categories":[33],"tags":[17,61,134,27],"class_list":["post-4775","post","type-post","status-publish","format-standard","hentry","category-lletra-s","tag-lexic","tag-ortografia","tag-prefixos","tag-sintaxi"],"post_mailing_queue_ids":[],"_links":{"self":[{"href":"https:\/\/www.cdlpv.org\/fitxes\/wp-json\/wp\/v2\/posts\/4775","targetHints":{"allow":["GET"]}}],"collection":[{"href":"https:\/\/www.cdlpv.org\/fitxes\/wp-json\/wp\/v2\/posts"}],"about":[{"href":"https:\/\/www.cdlpv.org\/fitxes\/wp-json\/wp\/v2\/types\/post"}],"author":[{"embeddable":true,"href":"https:\/\/www.cdlpv.org\/fitxes\/wp-json\/wp\/v2\/users\/1"}],"replies":[{"embeddable":true,"href":"https:\/\/www.cdlpv.org\/fitxes\/wp-json\/wp\/v2\/comments?post=4775"}],"version-history":[{"count":7,"href":"https:\/\/www.cdlpv.org\/fitxes\/wp-json\/wp\/v2\/posts\/4775\/revisions"}],"predecessor-version":[{"id":4787,"href":"https:\/\/www.cdlpv.org\/fitxes\/wp-json\/wp\/v2\/posts\/4775\/revisions\/4787"}],"wp:attachment":[{"href":"https:\/\/www.cdlpv.org\/fitxes\/wp-json\/wp\/v2\/media?parent=4775"}],"wp:term":[{"taxonomy":"category","embeddable":true,"href":"https:\/\/www.cdlpv.org\/fitxes\/wp-json\/wp\/v2\/categories?post=4775"},{"taxonomy":"post_tag","embeddable":true,"href":"https:\/\/www.cdlpv.org\/fitxes\/wp-json\/wp\/v2\/tags?post=4775"}],"curies":[{"name":"wp","href":"https:\/\/api.w.org\/{rel}","templated":true}]}}