{"id":4767,"date":"2022-04-12T21:00:19","date_gmt":"2022-04-12T19:00:19","guid":{"rendered":"https:\/\/www.cdlpv.org\/fitxes\/?p=4767"},"modified":"2024-05-24T08:49:18","modified_gmt":"2024-05-24T06:49:18","slug":"lgtbi-fobia","status":"publish","type":"post","link":"https:\/\/www.cdlpv.org\/fitxes\/lgtbi-fobia\/","title":{"rendered":"LGTBI-f\u00f2bia"},"content":{"rendered":"<p>L\u2019aplec de la sigla <em><span class=\"versaleta\">lgtbi<\/span><\/em> amb el sufix <em>-f\u00f2bia<\/em>\u00a0forma el terme <em><span class=\"versaleta\">lgtbi<\/span>-f\u00f2bia<\/em>, que \u00e9s la forma que dona el Termcat (veg. <a href=\"https:\/\/href.li\/?https:\/\/www.termcat.cat\/ca\/diccionaris-en-linia\/256\/fitxa\/Mzk4OTEzNg%3D%3D\" target=\"_blank\" rel=\"noopener noreferrer\"><em>Diccionari LGBT<\/em><\/a>). Seguint eixe criteri, l\u2019adjectiu derivat seria <em><span class=\"versaleta\">lgtbi<\/span>-f\u00f2bic -ca.<\/em><\/p>\n<p>Cal tindre en compte la indicaci\u00f3 que fa el Termcat sobre esta sigla (que ells escriuen <em><span class=\"versaleta\">lgbt<\/span>;<\/em> consulta: 07.10.2015):<\/p>\n<blockquote><p>\u00a0La denominaci\u00f3 <span class=\"versaleta\"><i>lgbt<\/i><\/span>, i els diversos equivalents, s\u00f3n la sigla que correspon a <i>lesbianes, gais, bisexuals i transg\u00e8neres<\/i>. L\u2019ordre de les lletres que la constitueixen \u00e9s variable, tant en catal\u00e0 com en la resta de lleng\u00fces; aix\u00ed, al costat de les formes <span class=\"versaleta\"><i>lgbt<\/i><\/span> i <span class=\"versaleta\"><i>lgtb<\/i><\/span>, que s\u00f3n les m\u00e9s freq\u00fcents en catal\u00e0, tamb\u00e9 es documenten les variants <span class=\"versaleta\"><i>glbt<\/i><\/span> i <span class=\"versaleta\"><i>glbt<\/i><\/span>. De vegades tamb\u00e9 s\u2019omet la <span class=\"versaleta\">b<\/span> (de <i>bisexuals<\/i>) o s\u2019afegeix una <span class=\"versaleta\">q<\/span> (de <i>queers<\/i>) o una <span class=\"versaleta\">i<\/span> (de <i>intersexuals<\/i>).<\/p><\/blockquote>\n<p>A banda d&#8217;aix\u00f2, no he localitzat cap indicaci\u00f3 aplicable i clara sobre esta composici\u00f3 en l&#8217;<span class=\"versaleta\"><em>oiec<\/em><\/span> (2016-2021). A m\u00e9s, la possibilitat d&#8217;aplicar una regla s&#8217;embolica, perqu\u00e8 en 2016 incorporaven un guionet entre prefixos i sigles <em>(anti-<span class=\"versaleta\">otan<\/span>);<\/em> en 2021 modifiquen el criteri i canvien el guionet per un espai <em>(anti <span class=\"versaleta\">otan<\/span>).<\/em> En tot cas, l&#8217;ortografia de l&#8217;institut no indica res respecte a este tipus de sufixaci\u00f3. Amb tot, podem considerar que el punt 4.3.2.2.<em>h <\/em>valida \u2014fent una deducci\u00f3 dels exemples utilitzats\u2014 l&#8217;\u00fas del guionet en el cas d&#8217;una sigla seguida d&#8217;un sufix:<\/p>\n<blockquote><p><em>h<\/em>) En els termes d\u2019especialitat compostos en qu\u00e8 algun dels elements \u00e9s un s\u00edmbol (lletra, xifra, etc.): <em>\u00e0cid <span class=\"versaleta\">d-<\/span>lis\u00e8rgic, <\/em>p-<em>aminoazobenz\u00e8, e-mail, goma-2, \u03b1-naftol,<\/em><br \/>\n<em>omega-3, pH-metre<\/em> (llegit \u00abpeh\u00e0cmetre\u00bb), <em>propan-2-itil\u00e8, succinil-CoA-sintetasa, 2,4,6-trinitrofenol<\/em>.<\/p><\/blockquote>\n<p>En fi, l&#8217;institut hauria de revisar esta regla per a deixar-la m\u00e9s clara, tant pel que fa al compost sigla-sufix <em>(<span class=\"versaleta\">lgtbi<\/span>-f\u00f2bia)<\/em> com per a explicar m\u00e9s clarament la difer\u00e8ncia entre <em>s\u00faper 8 <\/em>(cas previst en 4.3.1.<em>b<\/em>) i <em>goma-2 <\/em>(cas previst en este apartat 4.3.2.2.<em>h<\/em>)<em>.<\/em><\/p>\n<hr \/>\n<p><strong>En castell\u00e0,<\/strong> el compost s&#8217;escriu tamb\u00e9 amb guionet, d&#8217;acord amb el criteri de la Fund\u00e9u del 2018,<a href=\"https:\/\/href.li\/?https:\/\/www.fundeu.es\/consulta\/lgtbfobo-y-lgtbfobico\/\" target=\"_blank\" rel=\"noopener\"><i class=\"fas fa-external-link-alt\"><\/i><\/a> reiterat el 2023 <a href=\"https:\/\/href.li\/?https:\/\/www.fundeu.es\/recomendacion\/world-pride-orgullo-lgtb-claves-redaccion\/\" target=\"_blank\" rel=\"noopener\"><i class=\"fas fa-external-link-alt\"><\/i><\/a>: <em>LGTBI-fobia.<\/em>\u00a0 Abans, el criteri del 2016 de la Fund\u00e9u era la grafia aglutinada sense guionet. <a title=\"Article de 'La Vanguardia' del 2016\" href=\"https:\/\/href.li\/?https:\/\/www.lavanguardia.com\/vida\/20160630\/402869241701\/fundeu-bbva-lgtb-junto-y-con-mayuscula-en-las-siglas.html\" target=\"_blank\" rel=\"noopener\"><i class=\"fas fa-external-link-alt\"><\/i><\/a> <a title=\"Fund\u00e9u: article del 2016 desaparegut de la xarxa\" href=\"https:\/\/href.li\/?https:\/\/www.fundeu.es\/recomendacion\/lgtbfobia-junto-y-con-mayuscula-en-las-siglas\/\" target=\"_blank\" rel=\"noopener noreferrer\"><i class=\"fas fa-unlink\"><\/i><\/a><\/p>\n","protected":false},"excerpt":{"rendered":"<p>L\u2019aplec de la sigla lgtbi amb el sufix -f\u00f2bia\u00a0forma el terme lgtbi-f\u00f2bia, que \u00e9s la forma que dona el Termcat (veg. Diccionari LGBT). Seguint eixe criteri, l\u2019adjectiu derivat seria lgtbi-f\u00f2bic -ca. Cal tindre en compte la indicaci\u00f3 que fa el Termcat sobre esta sigla (que ells escriuen lgbt; consulta: 07.10.2015): \u00a0La denominaci\u00f3 lgbt, i els [&hellip;]<\/p>\n","protected":false},"author":1,"featured_media":0,"comment_status":"open","ping_status":"open","sticky":false,"template":"","format":"standard","meta":{"footnotes":""},"categories":[45],"tags":[100,13,61,53,47],"class_list":["post-4767","post","type-post","status-publish","format-standard","hentry","category-lletra-l","tag-iec","tag-neologia","tag-ortografia","tag-revisions","tag-termcat"],"post_mailing_queue_ids":[],"_links":{"self":[{"href":"https:\/\/www.cdlpv.org\/fitxes\/wp-json\/wp\/v2\/posts\/4767","targetHints":{"allow":["GET"]}}],"collection":[{"href":"https:\/\/www.cdlpv.org\/fitxes\/wp-json\/wp\/v2\/posts"}],"about":[{"href":"https:\/\/www.cdlpv.org\/fitxes\/wp-json\/wp\/v2\/types\/post"}],"author":[{"embeddable":true,"href":"https:\/\/www.cdlpv.org\/fitxes\/wp-json\/wp\/v2\/users\/1"}],"replies":[{"embeddable":true,"href":"https:\/\/www.cdlpv.org\/fitxes\/wp-json\/wp\/v2\/comments?post=4767"}],"version-history":[{"count":10,"href":"https:\/\/www.cdlpv.org\/fitxes\/wp-json\/wp\/v2\/posts\/4767\/revisions"}],"predecessor-version":[{"id":6852,"href":"https:\/\/www.cdlpv.org\/fitxes\/wp-json\/wp\/v2\/posts\/4767\/revisions\/6852"}],"wp:attachment":[{"href":"https:\/\/www.cdlpv.org\/fitxes\/wp-json\/wp\/v2\/media?parent=4767"}],"wp:term":[{"taxonomy":"category","embeddable":true,"href":"https:\/\/www.cdlpv.org\/fitxes\/wp-json\/wp\/v2\/categories?post=4767"},{"taxonomy":"post_tag","embeddable":true,"href":"https:\/\/www.cdlpv.org\/fitxes\/wp-json\/wp\/v2\/tags?post=4767"}],"curies":[{"name":"wp","href":"https:\/\/api.w.org\/{rel}","templated":true}]}}