{"id":4726,"date":"2022-03-22T20:30:12","date_gmt":"2022-03-22T19:30:12","guid":{"rendered":"https:\/\/www.cdlpv.org\/fitxes\/?p=4726"},"modified":"2022-04-12T21:10:36","modified_gmt":"2022-04-12T19:10:36","slug":"prevencio","status":"publish","type":"post","link":"https:\/\/www.cdlpv.org\/fitxes\/prevencio\/","title":{"rendered":"prevenci\u00f3"},"content":{"rendered":"<p>En l&#8217;\u00e0mbit del llenguatge del dret, el terme <em>prevenci\u00f3<\/em> t\u00e9 el valor seg\u00fcent <span class=\"versaleta\"><em>(dnv)<\/em><\/span><em>:<\/em><\/p>\n<blockquote><p><em>f. DRET<\/em> Correcci\u00f3 disciplin\u00e0ria que el jutge pot imposar a advocats i procuradors pel seu comportament en un procediment judicial. <a href=\"https:\/\/www.avl.gva.es\/lexicval\/?paraula=prevenci\u00f3\" target=\"_blank\" rel=\"noopener\"><i class=\"fas fa-external-link-alt\"><\/i><\/a><\/p><\/blockquote>\n<p>S&#8217;utilitza en el mateix sentit en l&#8217;\u00e0mbit de l&#8217;administraci\u00f3 p\u00fablica, on equival a &#8216;correcci\u00f3 disciplin\u00e0ria&#8217; gen\u00e8ricament.<\/p>\n<div class=\"su-note\"  style=\"border-color:#75d8e5;border-radius:3px;-moz-border-radius:3px;-webkit-border-radius:3px;\"><div class=\"su-note-inner su-u-clearfix su-u-trim\" style=\"background-color:#8ff2ff;border-color:#ffffff;color:#333333;border-radius:3px;-moz-border-radius:3px;-webkit-border-radius:3px;\">Veg. el <a href=\"https:\/\/www.cdlpv.org\/fitxes\/vdret\/\" target=\"_blank\" rel=\"noopener\"><em>Vocabulari de dret <\/em><\/a>compilat per a <em><span class=\"versaleta\">fdt<\/span><\/em>.<\/div><\/div>\n<p><strong><em>Apercibimiento:<\/em> <em>prevenci\u00f3; advert\u00e8ncia; advertiment<br \/>\n<\/em><\/strong><strong>En castell\u00e0,<\/strong> l&#8217;equivalent de\u00a0<em>prevenci\u00f3<\/em> seria <em>apercibimiento, <\/em>en este mateix sentit. A m\u00e9s d&#8217;aix\u00f2, <em>apercibimiento<\/em> t\u00e9 un altre \u00fas en castell\u00e0, que el fan equivalent d&#8217;<em>advert\u00e8ncia:<\/em> &#8216;av\u00eds perqu\u00e8 alg\u00fa fa\u00e7a o no fa\u00e7a alguna cosa sota l\u2019amena\u00e7a d\u2019una pena&#8217;. <a href=\"https:\/\/dpej.rae.es\/lema\/apercibimiento\" target=\"_blank\" rel=\"noopener\"><i class=\"fas fa-external-link-alt\"><\/i><\/a><\/p>\n<p>Continuant el fil de les equival\u00e8ncies amb el castell\u00e0, el valenci\u00e0 <em>advertiment<\/em> &#8216;av\u00eds sense comminaci\u00f3&#8217; correspon a <em>advertencia (<\/em>i tamb\u00e9 a <em>apercibimiento<\/em>, que podem vore que en castell\u00e0, segons el\u00a0<em>Diccionario panhisp\u00e1nico del espa\u00f1ol jur\u00eddico<\/em> <a href=\"https:\/\/dpej.rae.es\/lema\/apercibimiento\" target=\"_blank\" rel=\"noopener\"><i class=\"fas fa-external-link-alt\"><\/i><\/a> s&#8217;utilitza amb tres valors possibles: &#8216;correcci\u00f3 disciplin\u00e0ria&#8217; \/ &#8216;av\u00eds amb comminaci\u00f3&#8217; \/ &#8216;av\u00eds sense comminaci\u00f3&#8217;).<\/p>\n","protected":false},"excerpt":{"rendered":"<p>En l&#8217;\u00e0mbit del llenguatge del dret, el terme prevenci\u00f3 t\u00e9 el valor seg\u00fcent (dnv): f. DRET Correcci\u00f3 disciplin\u00e0ria que el jutge pot imposar a advocats i procuradors pel seu comportament en un procediment judicial. S&#8217;utilitza en el mateix sentit en l&#8217;\u00e0mbit de l&#8217;administraci\u00f3 p\u00fablica, on equival a &#8216;correcci\u00f3 disciplin\u00e0ria&#8217; gen\u00e8ricament. Apercibimiento: prevenci\u00f3; advert\u00e8ncia; advertiment En [&hellip;]<\/p>\n","protected":false},"author":1,"featured_media":0,"comment_status":"open","ping_status":"open","sticky":false,"template":"","format":"standard","meta":{"footnotes":""},"categories":[50],"tags":[162,17,91,16],"class_list":["post-4726","post","type-post","status-publish","format-standard","hentry","category-lletra-p","tag-dret","tag-lexic","tag-substantius","tag-traduccio"],"post_mailing_queue_ids":[],"_links":{"self":[{"href":"https:\/\/www.cdlpv.org\/fitxes\/wp-json\/wp\/v2\/posts\/4726","targetHints":{"allow":["GET"]}}],"collection":[{"href":"https:\/\/www.cdlpv.org\/fitxes\/wp-json\/wp\/v2\/posts"}],"about":[{"href":"https:\/\/www.cdlpv.org\/fitxes\/wp-json\/wp\/v2\/types\/post"}],"author":[{"embeddable":true,"href":"https:\/\/www.cdlpv.org\/fitxes\/wp-json\/wp\/v2\/users\/1"}],"replies":[{"embeddable":true,"href":"https:\/\/www.cdlpv.org\/fitxes\/wp-json\/wp\/v2\/comments?post=4726"}],"version-history":[{"count":5,"href":"https:\/\/www.cdlpv.org\/fitxes\/wp-json\/wp\/v2\/posts\/4726\/revisions"}],"predecessor-version":[{"id":4786,"href":"https:\/\/www.cdlpv.org\/fitxes\/wp-json\/wp\/v2\/posts\/4726\/revisions\/4786"}],"wp:attachment":[{"href":"https:\/\/www.cdlpv.org\/fitxes\/wp-json\/wp\/v2\/media?parent=4726"}],"wp:term":[{"taxonomy":"category","embeddable":true,"href":"https:\/\/www.cdlpv.org\/fitxes\/wp-json\/wp\/v2\/categories?post=4726"},{"taxonomy":"post_tag","embeddable":true,"href":"https:\/\/www.cdlpv.org\/fitxes\/wp-json\/wp\/v2\/tags?post=4726"}],"curies":[{"name":"wp","href":"https:\/\/api.w.org\/{rel}","templated":true}]}}