{"id":4665,"date":"2022-02-17T20:30:24","date_gmt":"2022-02-17T19:30:24","guid":{"rendered":"https:\/\/www.cdlpv.org\/fitxes\/?p=4665"},"modified":"2022-02-17T12:55:20","modified_gmt":"2022-02-17T11:55:20","slug":"serrania-la","status":"publish","type":"post","link":"https:\/\/www.cdlpv.org\/fitxes\/serrania-la\/","title":{"rendered":"Serrania, la"},"content":{"rendered":"<p>Esta comarca era anteriorment denominada <em>els Serrans<\/em>. Actualment \u00e9s denominada <em>la Serrania <\/em>(ca)<em> \/ la Serran\u00eda<\/em> (es), d\u2019acord amb la informaci\u00f3 aportada per Maite Moll\u00e0 (t\u00e8cnica de l\u2019<span class=\"versaleta\">avl<\/span>):<\/p>\n<blockquote><p><span lang=\"CA\">En el Ple de l\u2019<span class=\"versaleta\">avl<\/span> del 4 de maig del 2018 es va aprovar el canvi de denominaci\u00f3 en valenci\u00e0 de la comarca de <i>la Serrania<\/i>, anteriorment <i>els Serrans<\/i>. La modificaci\u00f3, demanada per col\u00b7lectius de la zona, es va basar en un informe aprovat pel la Secci\u00f3 d\u2019Onom\u00e0stica del dia 23 d\u2019abril del 2018.<\/span><\/p><\/blockquote>\n<p>Per ara, l\u2019<span class=\"versaleta\">avl<\/span> ha aplicat esta decisi\u00f3 en el diccionari i altres documents, per\u00f2 t\u00e9 encara pendent revisar el mapa de comarques del 2016 (consulta: 16.02.2022) <a href=\"https:\/\/href.li\/?https:\/\/www.avl.gva.es\/documents\/84900\/91479\/Mapa+de+les+comarques+valencianes\/e1683c7a-8a9e-4902-aaa5-92fa94284121\" target=\"_blank\" rel=\"noopener\"><i class=\"fas fa-external-link-alt\"><\/i><\/a> per a incloure esta forma en valenci\u00e0. L&#8217;acad\u00e8mia no ha fet p\u00fablic ni l&#8217;informe ni l&#8217;acord ni ha donat cap informaci\u00f3 oficial sobre esta decisi\u00f3, silenci que es desvia de la l\u00ednia habitual d&#8217;actuaci\u00f3 en les decisions que han de ser conegudes i aplicades per a respectar la normativa de la llengua. Amb tot, hi van fer refer\u00e8ncia una not\u00edcia en <em>Vilaweb<\/em> (<a href=\"https:\/\/www.vilaweb.cat\/noticies\/compromis-proposa-de-canviar-el-nom-de-la-comarca-dels-serrans-per-la-serrania\/\" target=\"_blank\" rel=\"noopener\">22.02.2020<\/a>) i un apunt del web de Comprom\u00eds (<a href=\"https:\/\/compromis.net\/31835\/compromis-proposa-el-canvi-de-nom-de-la-comarca-els-serrans-pel-de-la-serrania\/\" target=\"_blank\" rel=\"noopener\">24.02.2020<\/a>).<\/p>\n","protected":false},"excerpt":{"rendered":"<p>Esta comarca era anteriorment denominada els Serrans. Actualment \u00e9s denominada la Serrania (ca) \/ la Serran\u00eda (es), d\u2019acord amb la informaci\u00f3 aportada per Maite Moll\u00e0 (t\u00e8cnica de l\u2019avl): En el Ple de l\u2019avl del 4 de maig del 2018 es va aprovar el canvi de denominaci\u00f3 en valenci\u00e0 de la comarca de la Serrania, anteriorment [&hellip;]<\/p>\n","protected":false},"author":1,"featured_media":0,"comment_status":"open","ping_status":"open","sticky":false,"template":"","format":"standard","meta":{"footnotes":""},"categories":[33],"tags":[32,57,16],"class_list":["post-4665","post","type-post","status-publish","format-standard","hentry","category-lletra-s","tag-avl","tag-toponimia","tag-traduccio"],"post_mailing_queue_ids":[],"_links":{"self":[{"href":"https:\/\/www.cdlpv.org\/fitxes\/wp-json\/wp\/v2\/posts\/4665","targetHints":{"allow":["GET"]}}],"collection":[{"href":"https:\/\/www.cdlpv.org\/fitxes\/wp-json\/wp\/v2\/posts"}],"about":[{"href":"https:\/\/www.cdlpv.org\/fitxes\/wp-json\/wp\/v2\/types\/post"}],"author":[{"embeddable":true,"href":"https:\/\/www.cdlpv.org\/fitxes\/wp-json\/wp\/v2\/users\/1"}],"replies":[{"embeddable":true,"href":"https:\/\/www.cdlpv.org\/fitxes\/wp-json\/wp\/v2\/comments?post=4665"}],"version-history":[{"count":4,"href":"https:\/\/www.cdlpv.org\/fitxes\/wp-json\/wp\/v2\/posts\/4665\/revisions"}],"predecessor-version":[{"id":4671,"href":"https:\/\/www.cdlpv.org\/fitxes\/wp-json\/wp\/v2\/posts\/4665\/revisions\/4671"}],"wp:attachment":[{"href":"https:\/\/www.cdlpv.org\/fitxes\/wp-json\/wp\/v2\/media?parent=4665"}],"wp:term":[{"taxonomy":"category","embeddable":true,"href":"https:\/\/www.cdlpv.org\/fitxes\/wp-json\/wp\/v2\/categories?post=4665"},{"taxonomy":"post_tag","embeddable":true,"href":"https:\/\/www.cdlpv.org\/fitxes\/wp-json\/wp\/v2\/tags?post=4665"}],"curies":[{"name":"wp","href":"https:\/\/api.w.org\/{rel}","templated":true}]}}