{"id":4589,"date":"2022-01-17T20:30:18","date_gmt":"2022-01-17T19:30:18","guid":{"rendered":"https:\/\/www.cdlpv.org\/fitxes\/?p=4589"},"modified":"2022-12-20T14:50:24","modified_gmt":"2022-12-20T13:50:24","slug":"comorbid-da","status":"publish","type":"post","link":"https:\/\/www.cdlpv.org\/fitxes\/comorbid-da\/","title":{"rendered":"com\u00f2rbid -da"},"content":{"rendered":"<p>Este adjectiu no apareix encara (17.01.2022) en els diccionaris habituals. El Cercaterm s\u00ed que ha incl\u00f2s el substantiu <em>comorbiditat:<\/em><\/p>\n<blockquote><p><strong>comorbiditat<\/strong> <em>f.<br \/>\n<\/em>Coincid\u00e8ncia en una persona d&#8217;un o m\u00e9s problemes de salut cr\u00f2nics addicionals a un altre problema de salut, sovint tamb\u00e9 cr\u00f2nic, que es considera principal o que \u00e9s l&#8217;objecte d&#8217;estudi.<\/p><\/blockquote>\n<p>L&#8217;adjectiu <em>com\u00f2rbid -da<\/em> sol aplicar-se a les malalties (o situacions) que coincidixen en una persona. Per exemple:<\/p>\n<ul>\n<li><em>Llenguatge i psicopatologia de la infantesa i l&#8217;adolesc\u00e8ncia<\/em> (Jan\u00e9 i Ballabriga; 2001): Els d\u00e8ficits del processament sem\u00e0ntic en els nens s\u00f3n <strong>com\u00f2rbids<\/strong> amb els trastorns de conducta [&#8230;]. <a href=\"https:\/\/books.google.es\/books?id=zY68YJ1EISUC&amp;pg=PA12&amp;dq=%22com%C3%B2rbids+amb%22&amp;hl=ca&amp;sa=X&amp;ved=2ahUKEwiZ6crvrrj1AhVKxIUKHdb0DfAQ6AF6BAgDEAI#v=onepage&amp;q=%22com%C3%B2rbids%20amb%22&amp;f=false\" target=\"_blank\" rel=\"noopener\"><i class=\"fas fa-external-link-alt\"><\/i><\/a><\/li>\n<li><em>Bases biol\u00f2giques del llenguatge<\/em> (Balari, Gavarr\u00f3; 2007): [&#8230;] l&#8217;exist\u00e8ncia de nens amb TEL sense cap d&#8217;aquestes febleses ha fet pensar que el TEL i la feblesa cognitiva i motora s\u00f3n <strong>com\u00f2rbides<\/strong>. <a href=\"https:\/\/books.google.es\/books?id=asCTU1NSq2wC&amp;pg=PA64&amp;dq=%22com%C3%B2rbides%22&amp;hl=ca&amp;sa=X&amp;ved=2ahUKEwjgv7rbsLj1AhVpxYUKHZ6vCLwQ6AF6BAgDEAI#v=onepage&amp;q=%22com%C3%B2rbides%22&amp;f=false\" target=\"_blank\" rel=\"noopener\"><i class=\"fas fa-external-link-alt\"><\/i><\/a><\/li>\n<\/ul>\n","protected":false},"excerpt":{"rendered":"<p>Este adjectiu no apareix encara (17.01.2022) en els diccionaris habituals. El Cercaterm s\u00ed que ha incl\u00f2s el substantiu comorbiditat: comorbiditat f. Coincid\u00e8ncia en una persona d&#8217;un o m\u00e9s problemes de salut cr\u00f2nics addicionals a un altre problema de salut, sovint tamb\u00e9 cr\u00f2nic, que es considera principal o que \u00e9s l&#8217;objecte d&#8217;estudi. L&#8217;adjectiu com\u00f2rbid -da sol [&hellip;]<\/p>\n","protected":false},"author":1,"featured_media":0,"comment_status":"open","ping_status":"open","sticky":false,"template":"","format":"standard","meta":{"footnotes":""},"categories":[14],"tags":[49,17,6,13],"class_list":["post-4589","post","type-post","status-publish","format-standard","hentry","category-lletra-c","tag-adjectius","tag-lexic","tag-medicina","tag-neologia"],"post_mailing_queue_ids":[],"_links":{"self":[{"href":"https:\/\/www.cdlpv.org\/fitxes\/wp-json\/wp\/v2\/posts\/4589","targetHints":{"allow":["GET"]}}],"collection":[{"href":"https:\/\/www.cdlpv.org\/fitxes\/wp-json\/wp\/v2\/posts"}],"about":[{"href":"https:\/\/www.cdlpv.org\/fitxes\/wp-json\/wp\/v2\/types\/post"}],"author":[{"embeddable":true,"href":"https:\/\/www.cdlpv.org\/fitxes\/wp-json\/wp\/v2\/users\/1"}],"replies":[{"embeddable":true,"href":"https:\/\/www.cdlpv.org\/fitxes\/wp-json\/wp\/v2\/comments?post=4589"}],"version-history":[{"count":3,"href":"https:\/\/www.cdlpv.org\/fitxes\/wp-json\/wp\/v2\/posts\/4589\/revisions"}],"predecessor-version":[{"id":5297,"href":"https:\/\/www.cdlpv.org\/fitxes\/wp-json\/wp\/v2\/posts\/4589\/revisions\/5297"}],"wp:attachment":[{"href":"https:\/\/www.cdlpv.org\/fitxes\/wp-json\/wp\/v2\/media?parent=4589"}],"wp:term":[{"taxonomy":"category","embeddable":true,"href":"https:\/\/www.cdlpv.org\/fitxes\/wp-json\/wp\/v2\/categories?post=4589"},{"taxonomy":"post_tag","embeddable":true,"href":"https:\/\/www.cdlpv.org\/fitxes\/wp-json\/wp\/v2\/tags?post=4589"}],"curies":[{"name":"wp","href":"https:\/\/api.w.org\/{rel}","templated":true}]}}