{"id":4584,"date":"2022-01-17T20:30:18","date_gmt":"2022-01-17T19:30:18","guid":{"rendered":"https:\/\/www.cdlpv.org\/fitxes\/?p=4584"},"modified":"2022-01-18T08:52:43","modified_gmt":"2022-01-18T07:52:43","slug":"decaer","status":"publish","type":"post","link":"https:\/\/www.cdlpv.org\/fitxes\/decaer\/","title":{"rendered":"<i>decaer<\/i>"},"content":{"rendered":"<p>En castell\u00e0, este verb t\u00e9 dos accepcions, seguint el <span class=\"versaleta\"><em>drae<\/em><\/span>: <a href=\"https:\/\/dle.rae.es\/decaer\" target=\"_blank\" rel=\"noopener\"><i class=\"fas fa-external-link-alt\"><\/i><\/a><\/p>\n<blockquote><p><strong>decaer<br \/>\n1.<\/strong> <em>intr.<\/em> Dicho de una persona o de una cosa: Ir a menos, perder alguna parte de las condiciones o propiedades que constitu\u00edan su fuerza, bondad, importancia o valor.<br \/>\n<strong>2.<\/strong> <em>intr.<\/em> Mar. Dicho de una embarcaci\u00f3n: Separarse del rumbo que pretende seguir, arrastrada por la marejada, el viento o la corriente.<\/p><\/blockquote>\n<p>En el diccionari <span class=\"versaleta\"><em>seco<\/em><\/span> podem trobar un exemple d&#8217;\u00fas del verb:<\/p>\n<blockquote><p><strong>1<\/strong> Verbo irregular. Se conjuga como <em>caer<\/em>.<br \/>\n<strong>2<\/strong> Construcci\u00f3n: <em>decaer <\/em>DE<em> su antiguo esplendor<\/em>.<\/p><\/blockquote>\n<p>Segons el diccionari <span class=\"versaleta\"><em>moliner<\/em>:<\/span><\/p>\n<blockquote><p><strong>\u2081<\/strong> (\u00abde; en\u00bb). \u00ab*Debilitarse. Declinar\u00bb. Perder fuerza o intensidad una cosa o una cualidad: \u2018La fiebre ha empezado a decaer. Su \u00e1nimo no decae a pesar de tantas penalidades. Su inteligencia no decay\u00f3 ni en la vejez\u2019. \u25c9 *Perder una persona \u00e1nimo, fuerzas, energ\u00eda, importancia u otras cualidades estimables: \u2018Ha deca\u00eddo mucho: no es ya el hombre brillante que era\u2019. (Generalmente, se expresa con \u00aben\u00bb la cualidad en que se advierte la decadencia: \u2018Ha deca\u00eddo en belleza\u2019. Tambi\u00e9n puede expresarse con \u00abde\u00bb la situaci\u00f3n anterior: \u2018Decay\u00f3 de su poder\u00edo\u2019.)<\/p><\/blockquote>\n<p>Segons indica la Fund\u00e9u, el <span class=\"versaleta\"><em>dea<\/em><\/span> cont\u00e9 una altra accepci\u00f3: <a href=\"https:\/\/www.fundeu.es\/consulta\/decaer\/\" target=\"_blank\" rel=\"noopener\"><i class=\"fas fa-external-link-alt\"><\/i><\/a><\/p>\n<blockquote><p><span class=\"fundeu-field fundeu-field-consulta-fanswer\">El <em>Diccionario del espa\u00f1ol actual <\/em>incluye la acepci\u00f3n \u2018quedar sin efecto\u2019 como propia del \u00e1mbito jur\u00eddico [&#8230;].<\/span><\/p><\/blockquote>\n<p>Esta accepci\u00f3 permet que el sentit de canvi gradual del verb es convertixca en immediat i absolut.<\/p>\n<p><strong>Equival\u00e8ncies de\u00a0<em>decaer<\/em> i usos en valenci\u00e0 en l&#8217;\u00e0mbit del dret<\/strong><\/p>\n<p>En valenci\u00e0, hi ha diverses equival\u00e8ncies possibles . Podem seguir la revista <em>Lli\u00das<\/em> (n\u00fam. 12, 1998): <a href=\"https:\/\/raco.cat\/index.php\/LlenguaUs\/issue\/view\/10520\" target=\"_blank\" rel=\"noopener\"><i class=\"fas fa-external-link-alt\"><\/i><\/a><\/p>\n<ul>\n<li>Si el subjecte s\u00f3n les persones, cal dir que <em>perden els drets.<\/em><\/li>\n<li>Si el subjecte s\u00f3n els drets, <em>caduquen<\/em> o <em>prescriuen<\/em>, segons el cas. (Per tant, el <em>decaimiento<\/em> ser\u00e0 o b\u00e9 <em>caducitat<\/em> o b\u00e9 <em>prescripci\u00f3<\/em>).<\/li>\n<\/ul>\n<p>Amb un poc m\u00e9s detall, podem trobar en <em>Criteris per a la traducci\u00f3 de textos normatius del castell\u00e0 al catal\u00e0<\/em> (Generalitat de Catalunya, 2010): <a href=\"https:\/\/aplicacions.llengua.gencat.cat\/llc\/AppJava\/pdf\/criteri3.pdf#page=55\" target=\"_blank\" rel=\"noopener\"><i class=\"fas fa-external-link-alt\"><\/i><\/a><\/p>\n<blockquote><p><strong>decaer<\/strong> <em>v intr<\/em> \u2194 <strong>caducar<\/strong> <em>v intr<br \/>\n<\/em>Un dret, finalitzar o extingir-se pel transcurs d\u2019un termini predeterminat per la llei o la convenci\u00f3 v\u00e0lidament establerta entre particulars.<br \/>\nes: <em>El derecho de tanteo decae por el transcurso del plazo establecido.<\/em><br \/>\nca: <em>El dret de tempteig caduca pel transcurs del termini establert.<br \/>\n<\/em><div class=\"su-note\"  style=\"border-color:#e5e54c;border-radius:3px;-moz-border-radius:3px;-webkit-border-radius:3px;\"><div class=\"su-note-inner su-u-clearfix su-u-trim\" style=\"background-color:#FFFF66;border-color:#ffffff;color:#333333;border-radius:3px;-moz-border-radius:3px;-webkit-border-radius:3px;\">\u00a0<strong>Nota.<\/strong>\u00a0 Hem vist m\u00e9s amunt que, segons el cas, el verb en valenci\u00e0 ha de ser <em>prescriure.<\/em><\/div><\/div>\n<p><strong>decaer en su derecho<\/strong> <em>v intr<\/em> \u2194 <strong>perdre el (seu) dret<\/strong> [o <strong>perdre els (seus) drets<\/strong>] <em>v tr<br \/>\n<\/em>Una persona, trobar-se que ha perdut un dret perqu\u00e8 no ha complert algun requisit, perqu\u00e8 ha transcorregut el termini per executar-lo o perqu\u00e8 executant-lo ja ha rebut el que li pertocava.<br \/>\nes: <em>La persona que no comparezca decaer\u00e1 en sus derechos de admisi\u00f3n.<\/em><br \/>\nca: <em>La persona que no comparegui perdr\u00e0 el dret d\u2019admissi\u00f3.<\/em><\/p><\/blockquote>\n<p><strong>El verb <em>decaure<\/em> en l&#8217;\u00e0mbit del dret<\/strong><\/p>\n<p>El verb <em>decaure<\/em> t\u00e9 tamb\u00e9 algun \u00fas en l&#8217;\u00e0mbit del dret (especialment, en dret parlamentari), tal com podem trobar en la xarxa, amb accepcions diferents, mirant el <em>Diccionari jur\u00eddic\u00a0<\/em>de l&#8217;<span class=\"versaleta\">iec<\/span> <a href=\"https:\/\/cit.iec.cat\/DJC\/default.asp\" target=\"_blank\" rel=\"noopener\"><i class=\"fas fa-external-link-alt\"><\/i><\/a> i el Termcat: <a href=\"https:\/\/www.termcat.cat\/ca\/cercaterm\/decaure?type=basic&amp;thematic_area=&amp;language=\" target=\"_blank\" rel=\"noopener\"><i class=\"fas fa-external-link-alt\"><\/i><\/a><\/p>\n<blockquote><p><span class=\"versaleta\">(iec)<\/span><strong> decaure<sup>1<\/sup><\/strong> <em>v. intr.<\/em><br \/>\nPerdre la vig\u00e8ncia o el vigor legals.<br \/>\nEx.: <em>Al final de la legislatura decauen totes les tramitacions.<\/em><\/p>\n<p><span class=\"versaleta\">(iec)<\/span> <strong>decaure<sup>2<\/sup><\/strong> <em>v. intr.<\/em><br \/>\nOmetre el tractament d\u2019un punt de l\u2019ordre del dia perqu\u00e8 no escau de fer-ho.<br \/>\nEx.: <em>La sol\u00b7licitud de compareixen\u00e7a no t\u00e9 sentit perqu\u00e8 la compareixen\u00e7a ja s\u2019ha dut a terme; per tant, aquest punt decau.<\/em><\/p>\n<p><span class=\"versaleta\">(iec)<\/span><strong> decaure<sup>3<\/sup><\/strong> <em>v. intr.<\/em><br \/>\nEn un \u00f2rgan col\u00b7legiat, no caldre debatre un text perqu\u00e8 va associat o dep\u00e8n d\u2019un altre que ha estat retirat o rebutjat.<br \/>\nEx.: <em>Com que el projecte de llei es va retirar, l\u2019esmena que s\u2019hi havia presentat va decaure.<\/em><\/p>\n<p>(Termcat)<strong> decaure<\/strong> <em>v. intr.<\/em><br \/>\n<em>es<\/em> decaer <em>v. intr.<\/em><br \/>\n<em>fr<\/em> devenir caduc <em>v. intr.<\/em><br \/>\n<em>en<\/em> to fall <em>v. intr.<br \/>\n<\/em>Tancar-se, una tramitaci\u00f3 parlament\u00e0ria, per caducitat o perqu\u00e8 no s&#8217;ha defensat la iniciativa parlament\u00e0ria.<br \/>\n<strong>Nota.<\/strong> El verb <em>decaure<\/em> s&#8217;usa en el context parlamentari referit a tramitacions parlament\u00e0ries. No \u00e9s adequat utilitzar-lo referit a un dret o un recurs, amb el sentit de &#8216;prescriure&#8217;.<\/p>\n<p>&nbsp;<\/p><\/blockquote>\n","protected":false},"excerpt":{"rendered":"<p>En castell\u00e0, este verb t\u00e9 dos accepcions, seguint el drae: decaer 1. intr. Dicho de una persona o de una cosa: Ir a menos, perder alguna parte de las condiciones o propiedades que constitu\u00edan su fuerza, bondad, importancia o valor. 2. intr. Mar. Dicho de una embarcaci\u00f3n: Separarse del rumbo que pretende seguir, arrastrada por [&hellip;]<\/p>\n","protected":false},"author":1,"featured_media":0,"comment_status":"open","ping_status":"open","sticky":false,"template":"","format":"standard","meta":{"footnotes":""},"categories":[35],"tags":[162,53,16,62],"class_list":["post-4584","post","type-post","status-publish","format-standard","hentry","category-lletra-d","tag-dret","tag-revisions","tag-traduccio","tag-verbs"],"post_mailing_queue_ids":[],"_links":{"self":[{"href":"https:\/\/www.cdlpv.org\/fitxes\/wp-json\/wp\/v2\/posts\/4584","targetHints":{"allow":["GET"]}}],"collection":[{"href":"https:\/\/www.cdlpv.org\/fitxes\/wp-json\/wp\/v2\/posts"}],"about":[{"href":"https:\/\/www.cdlpv.org\/fitxes\/wp-json\/wp\/v2\/types\/post"}],"author":[{"embeddable":true,"href":"https:\/\/www.cdlpv.org\/fitxes\/wp-json\/wp\/v2\/users\/1"}],"replies":[{"embeddable":true,"href":"https:\/\/www.cdlpv.org\/fitxes\/wp-json\/wp\/v2\/comments?post=4584"}],"version-history":[{"count":9,"href":"https:\/\/www.cdlpv.org\/fitxes\/wp-json\/wp\/v2\/posts\/4584\/revisions"}],"predecessor-version":[{"id":4600,"href":"https:\/\/www.cdlpv.org\/fitxes\/wp-json\/wp\/v2\/posts\/4584\/revisions\/4600"}],"wp:attachment":[{"href":"https:\/\/www.cdlpv.org\/fitxes\/wp-json\/wp\/v2\/media?parent=4584"}],"wp:term":[{"taxonomy":"category","embeddable":true,"href":"https:\/\/www.cdlpv.org\/fitxes\/wp-json\/wp\/v2\/categories?post=4584"},{"taxonomy":"post_tag","embeddable":true,"href":"https:\/\/www.cdlpv.org\/fitxes\/wp-json\/wp\/v2\/tags?post=4584"}],"curies":[{"name":"wp","href":"https:\/\/api.w.org\/{rel}","templated":true}]}}