{"id":4549,"date":"2021-12-31T20:30:16","date_gmt":"2021-12-31T19:30:16","guid":{"rendered":"https:\/\/www.cdlpv.org\/fitxes\/?p=4549"},"modified":"2021-12-31T15:09:30","modified_gmt":"2021-12-31T14:09:30","slug":"revister","status":"publish","type":"post","link":"https:\/\/www.cdlpv.org\/fitxes\/revister\/","title":{"rendered":"revister"},"content":{"rendered":"<p>Els acad\u00e8mics de l&#8217;Institut d&#8217;Estudis Catalans preferixen dir-ne \u00abporta-revistes\u00bb i no tenen arreplegada l&#8217;opci\u00f3 <em>revister<\/em>. En canvi, els membres de l&#8217;Acad\u00e8mia Valenciana de la Llengua remeten d&#8217;aquella a esta:<\/p>\n<blockquote><p><strong>revister<\/strong><br \/>\nm. MOBIL. Moble auxiliar menut on es guarden les revistes o els diaris.<\/p><\/blockquote>\n<p>La paraula no \u00e9s cap novetat, t\u00e9 m\u00e9s accepcions no referides a mobles i no \u00e9s gens estrany el moble en les cases des de fa d\u00e8cades:<\/p>\n<ul>\n<li><em>La Ilustraci\u00f3 Catalana<\/em> (1891): \u00abNostre revister de teatre ha fet ja degudament l&#8217;elogi d&#8217;aquesta obra\u00bb <a href=\"https:\/\/books.google.es\/books?id=SXcrpr8-2s4C&amp;pg=PA31&amp;dq=%22revister%22+llegir&amp;hl=ca&amp;sa=X&amp;ved=2ahUKEwilu-zckY71AhUGDWMBHSCgCxwQ6AF6BAgDEAI#v=onepage&amp;q=%22revister%22%20llegir&amp;f=false\" target=\"_blank\" rel=\"noopener\"><i class=\"fas fa-external-link-alt\"><\/i><\/a><\/li>\n<li>Revista <em>\u00a1Cu-cut! <\/em>(1906): \u00abla vida de revister teatral\u00bb <a href=\"https:\/\/books.google.es\/books?id=RJoQAAAAYAAJ&amp;pg=PA10&amp;dq=%22revister%22+llegir&amp;hl=ca&amp;sa=X&amp;ved=2ahUKEwilu-zckY71AhUGDWMBHSCgCxwQ6AF6BAgJEAI#v=onepage&amp;q=%22revister%22&amp;f=false\" target=\"_blank\" rel=\"noopener\"><i class=\"fas fa-external-link-alt\"><\/i><\/a><\/li>\n<li>Enciclop\u00e8dia Moderna Catalana (1913; s. v. <em>revister -a<\/em>): \u00abperiodista que t\u00e9 a son carrech determinada secci\u00f3 del peri\u00f3dich\u00bb <a href=\"https:\/\/books.google.es\/books?id=Z1cYAQAAIAAJ&amp;pg=PA116&amp;dq=%22revister%22+catal%C3%A0&amp;hl=ca&amp;sa=X&amp;ved=2ahUKEwiK0fiPmI71AhWCA2MBHZWkCT4Q6AF6BAgHEAI#v=onepage&amp;q=%22revister%22%20catal%C3%A0&amp;f=false\" target=\"_blank\" rel=\"noopener\"><i class=\"fas fa-external-link-alt\"><\/i><\/a><\/li>\n<li><span class=\"versaleta\"><em>dcvb <\/em><\/span>(s. v. <em>revister<\/em>): \u00abperiodista encarregat d&#8217;escriure la revista o ressenyes especials d&#8217;un peri\u00f2dic\u00bb <a href=\"https:\/\/dcvb.iec.cat\/results.asp?Word=revister&amp;Id=124589&amp;search=revister\" target=\"_blank\" rel=\"noopener\"><i class=\"fas fa-external-link-alt\"><\/i><\/a><\/li>\n<li><span class=\"versaleta\"><em>gec<\/em><\/span>\u00a0<a href=\"https:\/\/www.enciclopedia.cat\/ec-gec-0275326.xml\" target=\"_blank\" rel=\"noopener\"><i class=\"fas fa-external-link-alt\"><\/i><\/a><\/li>\n<li>Gemma Lienas (1989-2005), <em>El gran llibre de la Carlota:\u00a0<\/em>\u00abremuga, mentre busca un diari en el revister\u00bb <a href=\"https:\/\/books.google.es\/books?id=23huAd4t5bwC&amp;pg=PA32&amp;dq=%22revister%22+catal%C3%A0&amp;hl=ca&amp;sa=X&amp;ved=2ahUKEwi8hZ7ZmY71AhWM3YUKHYxNA8Q4ChDoAXoECAoQAg#v=onepage&amp;q=%22revister%22&amp;f=false\" target=\"_blank\" rel=\"noopener\"><i class=\"fas fa-external-link-alt\"><\/i><\/a><\/li>\n<li>Gerard Villarroya (2001),\u00a0<em>Tel\u00e8mac<\/em><em>:<\/em> \u00abA casa, ha deixat el diari dins el moble revister\u00bb <a href=\"https:\/\/books.google.es\/books?hl=ca&amp;id=dLzhAAAAMAAJ&amp;dq=%22revister%22+catal%C3%A0&amp;focus=searchwithinvolume&amp;q=%22revister%22\" target=\"_blank\" rel=\"noopener\"><i class=\"fas fa-external-link-alt\"><\/i><\/a><\/li>\n<\/ul>\n","protected":false},"excerpt":{"rendered":"<p>Els acad\u00e8mics de l&#8217;Institut d&#8217;Estudis Catalans preferixen dir-ne \u00abporta-revistes\u00bb i no tenen arreplegada l&#8217;opci\u00f3 revister. En canvi, els membres de l&#8217;Acad\u00e8mia Valenciana de la Llengua remeten d&#8217;aquella a esta: revister m. MOBIL. Moble auxiliar menut on es guarden les revistes o els diaris. La paraula no \u00e9s cap novetat, t\u00e9 m\u00e9s accepcions no referides a [&hellip;]<\/p>\n","protected":false},"author":1,"featured_media":0,"comment_status":"open","ping_status":"open","sticky":false,"template":"","format":"standard","meta":{"footnotes":""},"categories":[44],"tags":[17,91],"class_list":["post-4549","post","type-post","status-publish","format-standard","hentry","category-lletra-r","tag-lexic","tag-substantius"],"post_mailing_queue_ids":[],"_links":{"self":[{"href":"https:\/\/www.cdlpv.org\/fitxes\/wp-json\/wp\/v2\/posts\/4549","targetHints":{"allow":["GET"]}}],"collection":[{"href":"https:\/\/www.cdlpv.org\/fitxes\/wp-json\/wp\/v2\/posts"}],"about":[{"href":"https:\/\/www.cdlpv.org\/fitxes\/wp-json\/wp\/v2\/types\/post"}],"author":[{"embeddable":true,"href":"https:\/\/www.cdlpv.org\/fitxes\/wp-json\/wp\/v2\/users\/1"}],"replies":[{"embeddable":true,"href":"https:\/\/www.cdlpv.org\/fitxes\/wp-json\/wp\/v2\/comments?post=4549"}],"version-history":[{"count":1,"href":"https:\/\/www.cdlpv.org\/fitxes\/wp-json\/wp\/v2\/posts\/4549\/revisions"}],"predecessor-version":[{"id":4551,"href":"https:\/\/www.cdlpv.org\/fitxes\/wp-json\/wp\/v2\/posts\/4549\/revisions\/4551"}],"wp:attachment":[{"href":"https:\/\/www.cdlpv.org\/fitxes\/wp-json\/wp\/v2\/media?parent=4549"}],"wp:term":[{"taxonomy":"category","embeddable":true,"href":"https:\/\/www.cdlpv.org\/fitxes\/wp-json\/wp\/v2\/categories?post=4549"},{"taxonomy":"post_tag","embeddable":true,"href":"https:\/\/www.cdlpv.org\/fitxes\/wp-json\/wp\/v2\/tags?post=4549"}],"curies":[{"name":"wp","href":"https:\/\/api.w.org\/{rel}","templated":true}]}}