{"id":4535,"date":"2021-12-28T20:30:25","date_gmt":"2021-12-28T19:30:25","guid":{"rendered":"https:\/\/www.cdlpv.org\/fitxes\/?p=4535"},"modified":"2021-12-29T11:55:56","modified_gmt":"2021-12-29T10:55:56","slug":"apeo","status":"publish","type":"post","link":"https:\/\/www.cdlpv.org\/fitxes\/apeo\/","title":{"rendered":"<i>apeo<\/i>"},"content":{"rendered":"<p>El terme castell\u00e0 <em>apeo<\/em> <a href=\"https:\/\/dle.rae.es\/apeo\" target=\"_blank\" rel=\"noopener\"><i class=\"fas fa-external-link-alt\"><\/i><\/a> t\u00e9 usos i accepcions diferents en \u00e0mbits diversos. A l&#8217;hora de traslladar-los al valenci\u00e0 conv\u00e9 evitar la des\u00eddia dels automatismes (que f\u00e0cilment porten a errors i incl\u00fas discriminacions ling\u00fc\u00edstiques, tal com mostra una not\u00edcia de <em>Nosaltres La Veu<\/em>, 27.12.2021): <a href=\"https:\/\/www.nosaltreslaveu.cat\/noticia\/66338\/els-valencianoparlants-discriminats-a-les-proves-dacces-al-cos-de-bombers-dalacant-per-err?id_butlleti_enviar=1009&amp;utm_source=butlleti_article&amp;utm_medium=butlleti&amp;utm_campaign=els-valencianoparlants-discriminats-a-les-proves-dacces-al-cos-de-bombers-dalacant-per-err\" target=\"_blank\" rel=\"noopener\"><i class=\"fas fa-external-link-alt\"><\/i><\/a> cal entendre els conceptes en cada context i aplicar els termes valencians adequats.<\/p>\n<p>Aplicant les accepcions que el <span class=\"versaleta\"><em>drae<\/em><\/span> i altres fonts li donen al substantiu castell\u00e0 <em>apeo, <\/em>tenim les accepcions i equival\u00e8ncies seg\u00fcents:<\/p>\n<blockquote>\n<table style=\"width: 100%; height: 373px;\">\n<tbody>\n<tr style=\"height: 22px;\">\n<td style=\"height: 22px;\" width=\"142\"><strong>apeo<\/strong><\/td>\n<td style=\"height: 22px;\" width=\"142\">\u21d2<\/td>\n<td style=\"height: 22px;\" width=\"142\"><em>valenci\u00e0<\/em><\/td>\n<td style=\"height: 22px;\" width=\"142\"><em>enlla\u00e7os<\/em><\/td>\n<\/tr>\n<tr style=\"height: 45px;\">\n<td style=\"height: 45px;\" width=\"142\"><em><span class=\"versaleta\">(drae<\/span><\/em><em>)<\/em><strong> 1.<\/strong> <em>m.<\/em> Acci\u00f3n y efecto de apear (\u2016 cortar un \u00e1rbol).<\/td>\n<td style=\"height: 45px;\" width=\"142\">\u21d2<\/td>\n<td style=\"height: 45px;\" width=\"142\"><em><span class=\"versaleta\">(dnv)<\/span> f.<\/em> tallada<\/td>\n<td style=\"height: 45px;\" width=\"142\"><a href=\"https:\/\/www.avl.gva.es\/lexicval\/?paraula=tallada\"><i class=\"fas fa-external-link-alt\"><\/i><\/a><\/td>\n<\/tr>\n<tr style=\"height: 45px;\">\n<td style=\"height: 45px;\" width=\"142\"><em><span class=\"versaleta\">(drae<\/span><\/em><em>)<\/em> <strong>2.<\/strong> <em>m.<\/em> Acci\u00f3n y efecto de apear (\u2016 deslindar una finca).<\/td>\n<td style=\"height: 45px;\" width=\"142\">\u21d2<\/td>\n<td style=\"height: 45px;\" width=\"142\"><em><span class=\"versaleta\">(dnv)<\/span> f. <span class=\"versaleta\">topogr.<\/span><\/em> fitaci\u00f3<\/td>\n<td style=\"height: 45px;\" width=\"142\"><a href=\"https:\/\/www.avl.gva.es\/lexicval\/?paraula=fitaci\u00f3\"><i class=\"fas fa-external-link-alt\"><\/i><\/a><\/td>\n<\/tr>\n<tr style=\"height: 45px;\">\n<td style=\"height: 45px;\" width=\"142\"><em><span class=\"versaleta\">(drae<\/span><\/em><em>)<\/em> <strong>3.<\/strong> <em>m.<\/em> Documento jur\u00eddico que acredita el deslinde y demarcaci\u00f3n.<\/td>\n<td style=\"height: 45px;\" width=\"142\">\u21d2<\/td>\n<td style=\"height: 45px;\" width=\"142\"><em><span class=\"versaleta\">(dnv)<\/span> f.<\/em> acta de delimitaci\u00f3<\/td>\n<td style=\"height: 45px;\" width=\"142\"><a href=\"https:\/\/www.avl.gva.es\/lexicval\/?paraula=delimitaci\u00f3\"><i class=\"fas fa-external-link-alt\"><\/i><\/a><\/td>\n<\/tr>\n<tr style=\"height: 45px;\">\n<td style=\"height: 45px;\" width=\"142\"><em><span class=\"versaleta\">(drae<\/span><\/em><em>)<\/em><strong> 4.<\/strong> <em>m. Arq.<\/em> Acci\u00f3n y efecto de apear (\u2016 sostener un edificio).<\/td>\n<td style=\"height: 45px;\" width=\"142\">\u21d2<\/td>\n<td style=\"height: 45px;\" width=\"142\"><em><span class=\"versaleta\">(dnv)<\/span> m.<\/em> apuntalament, estintolament<\/td>\n<td style=\"height: 45px;\" width=\"142\"><a href=\"https:\/\/www.avl.gva.es\/lexicval\/?paraula=apuntalament\"><i class=\"fas fa-external-link-alt\"><\/i><\/a><\/td>\n<\/tr>\n<tr style=\"height: 109px;\">\n<td style=\"height: 109px;\" width=\"142\"><em><span class=\"versaleta\">(drae<\/span><\/em><em>)<\/em><strong> 5.<\/strong> <em>m. Arq.<\/em> Armaz\u00f3n, madero o f\u00e1brica con que se apea el todo o parte de un edificio, construcci\u00f3n o terreno.<\/td>\n<td style=\"height: 109px;\" width=\"142\">\u21d2<\/td>\n<td style=\"height: 109px;\" width=\"142\"><em><span class=\"versaleta\">(dnv)<\/span> m. <span class=\"versaleta\">constr.<\/span><\/em> puntal, estintol<\/p>\n<p><em><span class=\"versaleta\">(dnv)<\/span> m. <span class=\"versaleta\">constr.<\/span> <\/em>apuntalament<\/td>\n<td style=\"height: 109px;\" width=\"142\"><a href=\"https:\/\/www.avl.gva.es\/lexicval\/?paraula=puntal\"><i class=\"fas fa-external-link-alt\"><\/i><\/a><\/p>\n<p><a href=\"https:\/\/www.avl.gva.es\/lexicval\/?paraula=apuntalament\" target=\"_blank\" rel=\"noopener\"><i class=\"fas fa-external-link-alt\"><\/i><\/a><\/td>\n<\/tr>\n<tr style=\"height: 62px;\">\n<td style=\"height: 62px;\"><em>m. Arq.<\/em> Acci\u00f3n y efecto de apear (\u2016 bajar de su sitio alguna cosa, como las piezas de un retablo o de una portada.)<\/td>\n<td style=\"height: 62px;\"><\/td>\n<td style=\"height: 62px;\"><em><span class=\"versaleta\">(dnv)<\/span> m. <\/em>desmuntatge<em><br \/>\n<\/em><\/td>\n<td style=\"height: 62px;\"><a href=\"https:\/\/www.avl.gva.es\/lexicval\/?paraula=desmuntatge\" target=\"_blank\" rel=\"noopener\"><i class=\"fas fa-external-link-alt\"><\/i><\/a><\/td>\n<\/tr>\n<\/tbody>\n<\/table>\n<\/blockquote>\n<p>&nbsp;<\/p>\n","protected":false},"excerpt":{"rendered":"<p>El terme castell\u00e0 apeo t\u00e9 usos i accepcions diferents en \u00e0mbits diversos. A l&#8217;hora de traslladar-los al valenci\u00e0 conv\u00e9 evitar la des\u00eddia dels automatismes (que f\u00e0cilment porten a errors i incl\u00fas discriminacions ling\u00fc\u00edstiques, tal com mostra una not\u00edcia de Nosaltres La Veu, 27.12.2021): cal entendre els conceptes en cada context i aplicar els termes valencians [&hellip;]<\/p>\n","protected":false},"author":1,"featured_media":0,"comment_status":"open","ping_status":"open","sticky":false,"template":"","format":"standard","meta":{"footnotes":""},"categories":[18],"tags":[123,82,162,53],"class_list":["post-4535","post","type-post","status-publish","format-standard","hentry","category-lletra-a","tag-agricultura","tag-construccio","tag-dret","tag-revisions"],"post_mailing_queue_ids":[],"_links":{"self":[{"href":"https:\/\/www.cdlpv.org\/fitxes\/wp-json\/wp\/v2\/posts\/4535","targetHints":{"allow":["GET"]}}],"collection":[{"href":"https:\/\/www.cdlpv.org\/fitxes\/wp-json\/wp\/v2\/posts"}],"about":[{"href":"https:\/\/www.cdlpv.org\/fitxes\/wp-json\/wp\/v2\/types\/post"}],"author":[{"embeddable":true,"href":"https:\/\/www.cdlpv.org\/fitxes\/wp-json\/wp\/v2\/users\/1"}],"replies":[{"embeddable":true,"href":"https:\/\/www.cdlpv.org\/fitxes\/wp-json\/wp\/v2\/comments?post=4535"}],"version-history":[{"count":9,"href":"https:\/\/www.cdlpv.org\/fitxes\/wp-json\/wp\/v2\/posts\/4535\/revisions"}],"predecessor-version":[{"id":4545,"href":"https:\/\/www.cdlpv.org\/fitxes\/wp-json\/wp\/v2\/posts\/4535\/revisions\/4545"}],"wp:attachment":[{"href":"https:\/\/www.cdlpv.org\/fitxes\/wp-json\/wp\/v2\/media?parent=4535"}],"wp:term":[{"taxonomy":"category","embeddable":true,"href":"https:\/\/www.cdlpv.org\/fitxes\/wp-json\/wp\/v2\/categories?post=4535"},{"taxonomy":"post_tag","embeddable":true,"href":"https:\/\/www.cdlpv.org\/fitxes\/wp-json\/wp\/v2\/tags?post=4535"}],"curies":[{"name":"wp","href":"https:\/\/api.w.org\/{rel}","templated":true}]}}