{"id":4428,"date":"2021-11-04T20:30:15","date_gmt":"2021-11-04T18:30:15","guid":{"rendered":"https:\/\/www.cdlpv.org\/fitxes\/?p=4428"},"modified":"2021-11-04T12:11:28","modified_gmt":"2021-11-04T10:11:28","slug":"metre-quadrat","status":"publish","type":"post","link":"https:\/\/www.cdlpv.org\/fitxes\/metre-quadrat\/","title":{"rendered":"metre quadrat"},"content":{"rendered":"<p>El s\u00edmbol del metre quadrat \u00e9s <em>m<sup>2<\/sup>.<\/em> De vegades s&#8217;utilitza la forma amb la xifra sense el format de super\u00edndex <em>(m2)<\/em> per desconeiximent o perqu\u00e8 l&#8217;instrument utilitzat per a escriure no permet posar la xifra com a super\u00edndex. \u00c9s el cas d&#8217;alguns usos convencionals en \u00e0mbits de l&#8217;urbanisme on s&#8217;utilitzen les abreviatures <em>m2s<\/em>\u00a0i\u00a0<em>m2st<\/em> per a expressar &#8216;metre quadrat de s\u00f2l&#8217; i &#8216;metre quadrat de sostre&#8217; (mos ho van comentar Maria Adoraci\u00f3 Benito el 16.12.1996, i Violant Gosp el 14.03.1998). Eixos usos convencionals i conjunturals solen ser creatius i tenen variacions: <em>m2\/st, m2 st, m<sup>2<\/sup>st&#8230;<\/em><\/p>\n<p>En castell\u00e0 les formes habituals s\u00f3n\u00a0<em>m2s<\/em> (&#8216;suelo&#8217;) i <em>m2t <\/em>(&#8216;techo&#8217;). En valenci\u00e0, com que la grafia <em>m2s<\/em> tant podria referir-se a &#8216;s\u00f2l&#8217; com a &#8216;sostre&#8217;, la q\u00faesti\u00f3 s&#8217;ha resolt en conseq\u00fc\u00e8ncia (veg. \u00abAbreviacions i acr\u00f2nims\u00bb, Departament de la Vicepresid\u00e8ncia i de Pol\u00edtiques Digitals i Territori; consulta: 04.11.2021): <a href=\"https:\/\/territori.gencat.cat\/ca\/06_territori_i_urbanisme\/planejament_urbanistic\/planejament_general\/abreviacions_i_acronims\/#M\" target=\"_blank\" rel=\"noopener\"><i class=\"fas fa-external-link-alt\"><\/i><\/a><\/p>\n<ul>\n<li style=\"font-weight: 400;\"><em>m<sup>2 <\/sup>s:<\/em> metre quadrat de s\u00f2l<\/li>\n<li><em>m<sup>2 <\/sup>st:<\/em> metre quadrat de sostre<\/li>\n<\/ul>\n<p>En tot cas, encara que creem abreviatures per a usos ocasionals (afegint o no espais, barres o punts: <em>st, st., \/st&#8230;<\/em>), convindria mantindre el s\u00edmbol amb la forma fixada internacionalment per al metre quadrat <em>(m<sup>2<\/sup>).<\/em><\/p>\n","protected":false},"excerpt":{"rendered":"<p>El s\u00edmbol del metre quadrat \u00e9s m2. De vegades s&#8217;utilitza la forma amb la xifra sense el format de super\u00edndex (m2) per desconeiximent o perqu\u00e8 l&#8217;instrument utilitzat per a escriure no permet posar la xifra com a super\u00edndex. \u00c9s el cas d&#8217;alguns usos convencionals en \u00e0mbits de l&#8217;urbanisme on s&#8217;utilitzen les abreviatures m2s\u00a0i\u00a0m2st per a [&hellip;]<\/p>\n","protected":false},"author":1,"featured_media":0,"comment_status":"open","ping_status":"open","sticky":false,"template":"","format":"standard","meta":{"footnotes":""},"categories":[11],"tags":[136,53,135],"class_list":["post-4428","post","type-post","status-publish","format-standard","hentry","category-lletra-m","tag-abreviacions","tag-revisions","tag-simbols"],"post_mailing_queue_ids":[],"_links":{"self":[{"href":"https:\/\/www.cdlpv.org\/fitxes\/wp-json\/wp\/v2\/posts\/4428","targetHints":{"allow":["GET"]}}],"collection":[{"href":"https:\/\/www.cdlpv.org\/fitxes\/wp-json\/wp\/v2\/posts"}],"about":[{"href":"https:\/\/www.cdlpv.org\/fitxes\/wp-json\/wp\/v2\/types\/post"}],"author":[{"embeddable":true,"href":"https:\/\/www.cdlpv.org\/fitxes\/wp-json\/wp\/v2\/users\/1"}],"replies":[{"embeddable":true,"href":"https:\/\/www.cdlpv.org\/fitxes\/wp-json\/wp\/v2\/comments?post=4428"}],"version-history":[{"count":1,"href":"https:\/\/www.cdlpv.org\/fitxes\/wp-json\/wp\/v2\/posts\/4428\/revisions"}],"predecessor-version":[{"id":4429,"href":"https:\/\/www.cdlpv.org\/fitxes\/wp-json\/wp\/v2\/posts\/4428\/revisions\/4429"}],"wp:attachment":[{"href":"https:\/\/www.cdlpv.org\/fitxes\/wp-json\/wp\/v2\/media?parent=4428"}],"wp:term":[{"taxonomy":"category","embeddable":true,"href":"https:\/\/www.cdlpv.org\/fitxes\/wp-json\/wp\/v2\/categories?post=4428"},{"taxonomy":"post_tag","embeddable":true,"href":"https:\/\/www.cdlpv.org\/fitxes\/wp-json\/wp\/v2\/tags?post=4428"}],"curies":[{"name":"wp","href":"https:\/\/api.w.org\/{rel}","templated":true}]}}