{"id":4333,"date":"2021-10-14T20:30:54","date_gmt":"2021-10-14T18:30:54","guid":{"rendered":"https:\/\/www.cdlpv.org\/fitxes\/?p=4333"},"modified":"2021-10-14T14:00:51","modified_gmt":"2021-10-14T12:00:51","slug":"quadro-el","status":"publish","type":"post","link":"https:\/\/www.cdlpv.org\/fitxes\/quadro-el\/","title":{"rendered":"Quadr\u00f3, el"},"content":{"rendered":"<figure id=\"attachment_4334\" aria-describedby=\"caption-attachment-4334\" style=\"width: 300px\" class=\"wp-caption alignleft\"><a href=\"https:\/\/earth.google.com\/web\/search\/39.11192508365718,+-0.48886018438045187\/@39.1119251,-0.4888602,25.20994353a,797.76438345d,35y,0h,45t,0r\/data=CmsaQRI7Gf8Myo9TjkNAIag51Ep8Sd-_KiczOS4xMTE5MjUwODM2NTcxOCwgLTAuNDg4ODYwMTg0MzgwNDUxODcYAiABIiYKJAk_Qwy4Fo9DQBHPgV3hV41DQBkQqR1vsRbfvyHEati2cN7fvygC\" target=\"_blank\" rel=\"noopener\"><img loading=\"lazy\" decoding=\"async\" class=\"size-medium wp-image-4334\" src=\"https:\/\/www.cdlpv.org\/fitxes\/wp-content\/uploads\/2021\/10\/Carcaixent-quadro-300x268.png\" alt=\"\" width=\"300\" height=\"268\" srcset=\"https:\/\/www.cdlpv.org\/fitxes\/wp-content\/uploads\/2021\/10\/Carcaixent-quadro-300x268.png 300w, https:\/\/www.cdlpv.org\/fitxes\/wp-content\/uploads\/2021\/10\/Carcaixent-quadro.png 623w\" sizes=\"auto, (max-width: 300px) 100vw, 300px\" \/><\/a><figcaption id=\"caption-attachment-4334\" class=\"wp-caption-text\">La partida del Quadr\u00f3 (Carcaixent), segons el Nomencl\u00e0tor Terminol\u00f2gic Valenci\u00e0.<\/figcaption><\/figure>\n<p>Al terme de Carcaixent hi ha la partida del Quadr\u00f3 (paraula aguda, segons les dades d\u2019Aig\u00fces Vives, maig del 2002; veg. <a href=\"https:\/\/earth.google.com\/web\/search\/39.11192508365718,+-0.48886018438045187\/@39.1119251,-0.4888602,25.20994353a,797.76438345d,35y,0h,45t,0r\/data=CmsaQRI7Gf8Myo9TjkNAIag51Ep8Sd-_KiczOS4xMTE5MjUwODM2NTcxOCwgLTAuNDg4ODYwMTg0MzgwNDUxODcYAiABIiYKJAk_Qwy4Fo9DQBHPgV3hV41DQBkQqR1vsRbfvyHEati2cN7fvygC\" target=\"_blank\" rel=\"noopener\">Google Earth<\/a>). Rub\u00e9n Cervera Barber\u00e0 (t\u00e8cnic de l&#8217;Ajuntament de Carcaixent) em va comentar que all\u00e0 tamb\u00e9 es pronunciava plana.<\/p>\n","protected":false},"excerpt":{"rendered":"<p>Al terme de Carcaixent hi ha la partida del Quadr\u00f3 (paraula aguda, segons les dades d\u2019Aig\u00fces Vives, maig del 2002; veg. Google Earth). Rub\u00e9n Cervera Barber\u00e0 (t\u00e8cnic de l&#8217;Ajuntament de Carcaixent) em va comentar que all\u00e0 tamb\u00e9 es pronunciava plana.<\/p>\n","protected":false},"author":1,"featured_media":0,"comment_status":"open","ping_status":"open","sticky":false,"template":"","format":"standard","meta":{"footnotes":""},"categories":[70],"tags":[53,57],"class_list":["post-4333","post","type-post","status-publish","format-standard","hentry","category-lletra-q","tag-revisions","tag-toponimia"],"post_mailing_queue_ids":[],"_links":{"self":[{"href":"https:\/\/www.cdlpv.org\/fitxes\/wp-json\/wp\/v2\/posts\/4333","targetHints":{"allow":["GET"]}}],"collection":[{"href":"https:\/\/www.cdlpv.org\/fitxes\/wp-json\/wp\/v2\/posts"}],"about":[{"href":"https:\/\/www.cdlpv.org\/fitxes\/wp-json\/wp\/v2\/types\/post"}],"author":[{"embeddable":true,"href":"https:\/\/www.cdlpv.org\/fitxes\/wp-json\/wp\/v2\/users\/1"}],"replies":[{"embeddable":true,"href":"https:\/\/www.cdlpv.org\/fitxes\/wp-json\/wp\/v2\/comments?post=4333"}],"version-history":[{"count":2,"href":"https:\/\/www.cdlpv.org\/fitxes\/wp-json\/wp\/v2\/posts\/4333\/revisions"}],"predecessor-version":[{"id":4337,"href":"https:\/\/www.cdlpv.org\/fitxes\/wp-json\/wp\/v2\/posts\/4333\/revisions\/4337"}],"wp:attachment":[{"href":"https:\/\/www.cdlpv.org\/fitxes\/wp-json\/wp\/v2\/media?parent=4333"}],"wp:term":[{"taxonomy":"category","embeddable":true,"href":"https:\/\/www.cdlpv.org\/fitxes\/wp-json\/wp\/v2\/categories?post=4333"},{"taxonomy":"post_tag","embeddable":true,"href":"https:\/\/www.cdlpv.org\/fitxes\/wp-json\/wp\/v2\/tags?post=4333"}],"curies":[{"name":"wp","href":"https:\/\/api.w.org\/{rel}","templated":true}]}}