{"id":4312,"date":"2021-10-13T20:30:54","date_gmt":"2021-10-13T18:30:54","guid":{"rendered":"https:\/\/www.cdlpv.org\/fitxes\/?p=4312"},"modified":"2025-04-09T14:09:09","modified_gmt":"2025-04-09T12:09:09","slug":"mafi","status":"publish","type":"post","link":"https:\/\/www.cdlpv.org\/fitxes\/mafi\/","title":{"rendered":"Mafi"},"content":{"rendered":"<p>El nom de la marca alemanya de vehicles industrials Mafi <a href=\"https:\/\/www.mafi.de\/\" target=\"_blank\" rel=\"noopener\"><i class=\"fas fa-external-link-alt\"><\/i><\/a> s&#8217;utilitza com a denominaci\u00f3 comuna en angl\u00e9s d&#8217;uns vehicles utilitzats en els ports i aeroports <em>(mafi).<\/em> S&#8217;utilitza tamb\u00e9 eixa forma en altres idiomes, per\u00f2 en valenci\u00e0 trobem tres opcions per a \u00e0mbits diferents, segons el Cercaterm (consulta: 13.10.2021): <a href=\"https:\/\/www.termcat.cat\/ca\/cercaterm\/cabeza%20tractora?type=basic&amp;thematic_area=&amp;language=\" target=\"_blank\" rel=\"noopener\"><i class=\"fas fa-external-link-alt\"><\/i><\/a><\/p>\n<blockquote><p><em>ca<\/em> <strong>cami\u00f3 tractor<\/strong>, <em>n m<\/em><br \/>\n<em>es<\/em> cabeza tractora<br \/>\n<em>es<\/em> cami\u00f3n tractor<br \/>\n<em>es<\/em> tractocami\u00f3n<br \/>\n<em>fr<\/em> tracteur routier<br \/>\n<em>en<\/em> fifth wheel tractor<br \/>\n<em>en<\/em> road tractor<br \/>\nTr\u00e0nsit &gt; Vehicle &gt; Tipologia<br \/>\n<strong>Definici\u00f3<\/strong><br \/>\nCami\u00f3 curt, sense caixa, concebut i constru\u00eft per a arrossegar, principalment, un semiremolc.<\/p>\n<hr \/>\n<p><em>ca<\/em> <strong>cap tractor<\/strong>, <em>n m<\/em><br \/>\n<em>es<\/em> cabeza tractora<br \/>\n<em>fr<\/em> groupe de traction<br \/>\n<em>fr<\/em> unit\u00e9 de traction<br \/>\n<em>en<\/em> locomotive unit<br \/>\nTransports &gt; Transport ferroviari<br \/>\n<strong>Definici\u00f3<\/strong><br \/>\nLocomotora de tracci\u00f3 ferrovi\u00e0ria.<\/p>\n<hr \/>\n<p><em>ca<\/em> <strong>cap\u00e7al tractor<\/strong>, <em>n m<\/em><br \/>\n<em>es<\/em> cabeza tractora<br \/>\n<em>es<\/em> mafis<br \/>\nTransports &gt; Transport mar\u00edtim<\/p><\/blockquote>\n<p>Com a nota hist\u00f2rica, puc afegir que la forma\u00a0<em>cap\u00e7al tractor<\/em> mos va ser indu\u00efda per l&#8217;entrada <em>cap\u00e7al<\/em> del\u00a0<span class=\"versaleta\"><em>diec<\/em><\/span> d&#8217;aleshores (08.09.1995), per\u00f2 ja no recorde que dia aquella accepci\u00f3.<\/p>\n","protected":false},"excerpt":{"rendered":"<p>El nom de la marca alemanya de vehicles industrials Mafi s&#8217;utilitza com a denominaci\u00f3 comuna en angl\u00e9s d&#8217;uns vehicles utilitzats en els ports i aeroports (mafi). S&#8217;utilitza tamb\u00e9 eixa forma en altres idiomes, per\u00f2 en valenci\u00e0 trobem tres opcions per a \u00e0mbits diferents, segons el Cercaterm (consulta: 13.10.2021): ca cami\u00f3 tractor, n m es cabeza [&hellip;]<\/p>\n","protected":false},"author":1,"featured_media":0,"comment_status":"open","ping_status":"open","sticky":false,"template":"","format":"standard","meta":{"footnotes":""},"categories":[11],"tags":[17,53,29],"class_list":["post-4312","post","type-post","status-publish","format-standard","hentry","category-lletra-m","tag-lexic","tag-revisions","tag-transport"],"post_mailing_queue_ids":[],"_links":{"self":[{"href":"https:\/\/www.cdlpv.org\/fitxes\/wp-json\/wp\/v2\/posts\/4312","targetHints":{"allow":["GET"]}}],"collection":[{"href":"https:\/\/www.cdlpv.org\/fitxes\/wp-json\/wp\/v2\/posts"}],"about":[{"href":"https:\/\/www.cdlpv.org\/fitxes\/wp-json\/wp\/v2\/types\/post"}],"author":[{"embeddable":true,"href":"https:\/\/www.cdlpv.org\/fitxes\/wp-json\/wp\/v2\/users\/1"}],"replies":[{"embeddable":true,"href":"https:\/\/www.cdlpv.org\/fitxes\/wp-json\/wp\/v2\/comments?post=4312"}],"version-history":[{"count":3,"href":"https:\/\/www.cdlpv.org\/fitxes\/wp-json\/wp\/v2\/posts\/4312\/revisions"}],"predecessor-version":[{"id":7518,"href":"https:\/\/www.cdlpv.org\/fitxes\/wp-json\/wp\/v2\/posts\/4312\/revisions\/7518"}],"wp:attachment":[{"href":"https:\/\/www.cdlpv.org\/fitxes\/wp-json\/wp\/v2\/media?parent=4312"}],"wp:term":[{"taxonomy":"category","embeddable":true,"href":"https:\/\/www.cdlpv.org\/fitxes\/wp-json\/wp\/v2\/categories?post=4312"},{"taxonomy":"post_tag","embeddable":true,"href":"https:\/\/www.cdlpv.org\/fitxes\/wp-json\/wp\/v2\/tags?post=4312"}],"curies":[{"name":"wp","href":"https:\/\/api.w.org\/{rel}","templated":true}]}}