{"id":4283,"date":"2021-09-21T20:30:23","date_gmt":"2021-09-21T18:30:23","guid":{"rendered":"https:\/\/www.cdlpv.org\/fitxes\/?p=4283"},"modified":"2024-02-15T14:18:07","modified_gmt":"2024-02-15T13:18:07","slug":"portar-temps-verb","status":"publish","type":"post","link":"https:\/\/www.cdlpv.org\/fitxes\/portar-temps-verb\/","title":{"rendered":"portar <i>+ temps + verb<\/i>"},"content":{"rendered":"<p>El <em>Diccionari de per\u00edfrasis verbals<\/em> (2021) de Xavier Rull Muruz\u00e0bal (consulta: 15.02.2024) recull esta construcci\u00f3 entre les per\u00edfrasis aspectuals de progressi\u00f3 o durada (classe A5):<\/p>\n<blockquote><p>A5) Aspectuals de progressi\u00f3 o durada (per a indicar que una acci\u00f3 es fa de manera continuada \u2014encara que hi caben altres matisos\u2014 o durant un cert temps \u2014encara que sigui breu\u2014, per contraposici\u00f3 a una acci\u00f3 que es fa puntualment o de la qual no s&#8217;indica la durada):<br \/>\n[&#8230;]\n<em>|portar <\/em>+ gerundi + quantitatiu temporal| (<em>Portem massa temps fent aix\u00f2<\/em>)<em><br \/>\n<\/em>[&#8230;]<em><br \/>\n<\/em><\/p><\/blockquote>\n<p>A m\u00e9s, Rull indica que la construcci\u00f3 tamb\u00e9 \u00e9s possible amb el verb <em>fer<\/em> seguit \u00abd&#8217;una oraci\u00f3 introdu\u00efda per <em>que<\/em> (<em>Fa tant de temps que no el veig&#8230;<\/em>)\u00bb. En les notes, l&#8217;autor t\u00e9 en compte que sol ser rebutjada pels manuals de llengua perqu\u00e8 es tracta d&#8217;un castellanisme, per\u00f2 que \u00e9s molt estesa. Sobre la construcci\u00f3 alternativa sense gerundi (per exemple: <em>\u00abJa portem massa temps aix\u00ed\u00bb<\/em>), que indu\u00efx a pensar que no es tracta d&#8217;una per\u00edfrasi, proposa la soluci\u00f3 seg\u00fcent:<\/p>\n<blockquote><p>Potser seria m\u00e9s adient considerar que hi ha doble possibilitat en l&#8217;\u00fas d&#8217;aquest verb amb aquest significat: com a per\u00edfrasi verbal (amb un gerundi) i com a no per\u00edfrasi verbal. La ra\u00f3 \u00e9s l&#8217;alt grau de solidaritat que hi ha entre <em>portar<\/em> i el gerundi.<\/p><\/blockquote>\n<h4><strong>Un debat en la llista Z\u00e8fir (2002)<\/strong><\/h4>\n<p>Hi va haver fa temps un cert debat en la llista Z\u00e8fir (27.08.2002) sobre la necessitat d&#8217;acceptar esta construcci\u00f3 en la normativa, i la cosa va quedar prou oberta, hi ha qui \u00e9s m\u00e9s restrictiu i qui ho \u00e9s menys. En aquell moment les prescripcions preferient no acceptar-la.<\/p>\n<p>De totes formes, la <span class=\"versaleta\"><em>gcc<\/em><\/span> (veg. m\u00e9s avall) no t\u00e9 m\u00e9s remei que recollir-la \u2014indica, aix\u00f2 s\u00ed, que Ruaix no l&#8217;accepta\u2014 i analitzar-la, ja que pertany al catal\u00e0 modern \u2014independentment del seu origen.<\/p>\n<h4><strong>Esta per\u00edfrasi en el <em>Manual d&#8217;estil<\/em> (<span class=\"versaleta\">iec<\/span>)<\/strong><\/h4>\n<p>Les diferents edicions del <span class=\"versaleta\"><em>mestil<\/em><\/span>\u00a0(<span class=\"versaleta\">xvii<\/span>: 2.2; <span class=\"versaleta\">xviii<\/span>: 5.5; <span class=\"versaleta\">xviii<\/span>: 5.6 [consulta: 20.09.2021]), <a href=\"https:\/\/estil.llocs.iec.cat\/wp-content\/uploads\/sites\/24\/2019\/02\/18_Pag_685-704_p.pdf\" target=\"_blank\" rel=\"noopener\"><i class=\"fas fa-file-pdf\"><\/i><\/a> indiquen que *<em>portar +\u00a0<\/em>expressi\u00f3 temporal + gerundi, \u00e9s un calc de l\u2019espanyol que cal evitar:\u00a0<em>*Porto tres anys estudiant a Reus &gt; Fa tres anys<\/em>&#8230;; per\u00f2 la gram\u00e0tica actual de l&#8217;<span class=\"versaleta\">iec<\/span> (28.4, \u00abAltres construccions temporals\u00bb; <a href=\"https:\/\/geiec.iec.cat\/capitol_veure.asp?id_gelc=343&amp;capitol=28\" target=\"_blank\" rel=\"noopener\"><i class=\"fas fa-external-link-alt\"><\/i><\/a> consulta: 20.09.2021) ha introdu\u00eft una nota en qu\u00e8 accepta la construcci\u00f3:<\/p>\n<blockquote><p>Hi ha una construcci\u00f3 temporal relativament recent que equival sem\u00e0nticament a l\u2019oraci\u00f3 impersonal amb el verb\u00a0<em><span class=\"text_menut_cursiva\">fer<\/span>,<\/em> que \u00e9s la construcci\u00f3 m\u00e9s genu\u00efna i preferible. Es tracta de les oracions amb el verb\u00a0<em><span class=\"text_menut_cursiva\">portar<\/span><\/em>\u00a0o\u00a0<em><span class=\"text_menut_cursiva\">dur<\/span><\/em>\u00a0en forma finita que seleccionen un complement de mesura i un sintagma adjectival que expressa una propietat contingent o b\u00e9 un sintagma preposicional:\u00a0<em><span class=\"text_menut_cursiva\">El meu fill porta<\/span>\/<span class=\"text_menut_cursiva\">duu tres dies<\/span>\u00a0{<span class=\"text_menut_cursiva\">engripat<\/span>\u00a0\/\u00a0<span class=\"text_menut_cursiva\">de mala lluna<\/span>\u00a0\/\u00a0<span class=\"text_menut_cursiva\">sense dormir<\/span>}<\/em> (cf.\u00a0<em><span class=\"text_menut_cursiva\">Fa tres dies que el meu fill<\/span>\u00a0{<span class=\"text_menut_cursiva\">est\u00e0 engripat<\/span>\u00a0\/\u00a0<span class=\"text_menut_cursiva\">est\u00e0 de mala lluna<\/span>\u00a0\/\u00a0<span class=\"text_menut_cursiva\">no dorm<\/span>}<\/em>).\u00a0\u00a0Tamb\u00e9 s\u2019usa aquesta construcci\u00f3 amb un participi o un gerundi de verb d\u2019acci\u00f3:\u00a0<em><span class=\"text_menut_cursiva\">Porta tres dies ingressat a l&#8217;UCI<\/span>;<span class=\"text_menut_cursiva\">\u00a0Duien m\u00e9s de tres hores repenjats a la barra del bar<\/span>;<span class=\"text_menut_cursiva\">\u00a0Portava molts anys treballant de dependenta<\/span>;<span class=\"text_menut_cursiva\">\u00a0Porta estona fent el plaga<\/span>.<\/em> Tanmateix, la construcci\u00f3 temporal amb\u00a0<em><span class=\"text_menut_cursiva\">portar<\/span>,<\/em> contr\u00e0riament a la construcci\u00f3 impersonal amb\u00a0<em><span class=\"text_menut_cursiva\">fer<\/span>,<\/em> no pot anar en temps verbals de passat perfectius. Podem dir\u00a0<em><span class=\"text_menut_cursiva\">Ahir va fer tres anys del nostre casament<\/span>,<\/em> per\u00f2 no seria possible una construcci\u00f3 equivalent amb\u00a0<em><span class=\"text_menut_cursiva\">portar<\/span><\/em>\u00a0i, doncs, resultaria an\u00f2mala una frase com\u00a0<em><span class=\"text_menut_cursiva\">Ahir vam portar tres anys de casats<\/span>.<\/em><\/p><\/blockquote>\n<h4><strong>Esta per\u00edfrasi en la <em><span class=\"versaleta\">gcc<\/span><\/em><\/strong><\/h4>\n<p>La\u00a0<span class=\"versaleta\"><em>gcc<\/em><\/span>\u00a0(S 26.1.1.3) tamb\u00e9 en parla:<\/p>\n<blockquote><p><strong><em>portar<\/em>\u00a0+ X temps + verb no finit<\/strong><br \/>\nUna altra estructura que cal esmentar \u00e9s la dels exemples com\u00a0<em><span class=\"exemple\">Porto dos anys treballant\/casat<\/span>, <\/em>amb un predicat no finit (segons Ruaix 1996:153, es tracta d&#8217;un castellanisme, parafrasejable amb l&#8217;estructura\u00a0<em>Fa dos anys que<\/em>). Aparentment el contrast entre\u00a0<em><span class=\"exemple\">Fa tres anys que ell est\u00e0 casat<\/span><\/em>\u00a0i\u00a0<em><span class=\"exemple\">Ell porta tres anys casat<\/span><\/em> (que s\u00f3n essencialment expressions sin\u00f2nimes) \u00e9s paral\u00b7lel al contrast entre les expressions (tamb\u00e9 essencialment sin\u00f2nimes) <em><span class=\"exemple\">Sembla que ell est\u00e0 casat<\/span><\/em>\u00a0i\u00a0<em><span class=\"exemple\">Ell sembla casat<\/span>.<\/em> Totes quatre construccions s\u00f3n sem\u00e0nticament impersonals, per\u00f2 mentre\u00a0<em><span class=\"exemple\">Fa tres anys que \u00e9s casat<\/span><\/em>\u00a0i\u00a0<em><span class=\"exemple\">Sembla que \u00e9s casat<\/span><\/em>\u00a0tenen com a subjecte sint\u00e0ctic la subordinada finita, les altres dues (<em><span class=\"exemple\">Ell porta tres anys casat<\/span><\/em>\u00a0i\u00a0<em><span class=\"exemple\">Ell sembla casat<\/span><\/em>) s\u00f3n estructures quasicopulatives, el subjecte sint\u00e0ctic de les quals \u00e9s el subjecte sem\u00e0ntic del predicat intern (<em>casat<\/em>). S\u00f3n, en definitiva, casos de control no argumental (vg. \u00a7 20.2.3.2, on es mostra, per exemple, que aquestes construccions tenen subjecte nul quan el predicat \u00e9s un verb meteorol\u00f2gic:\u00a0<em><span class=\"exemple\">Sembla ploure; Porta tres dies<\/span><\/em><span class=\"exemple\"><em> plovent<\/em>)<\/span>.<\/p><\/blockquote>\n<h4><strong>La construcci\u00f3 <em>portar<\/em> + temps &#8216;superar en edat&#8217;<\/strong><\/h4>\n<p>Dit aix\u00f2, conv\u00e9 recordar l&#8217;\u00fas del verb\u00a0<em>portar<\/em>\u00a0+ temps que encara \u00e9s el m\u00e9s habitual. Segons el\u00a0<span class=\"versaleta\"><em>duvc<\/em><\/span>\u00a0(s. v. portar):<\/p>\n<blockquote><p>17.\u00a0<em><strong>portar [una quantitat de temps] [a alg\u00fa]\u00a0<\/strong><\/em>Superar en edat.\u00a0<em><span class=\"exemple\">Jo li porto quatre anys.<\/span><\/em><br \/>\n18.\u00a0<em><strong>portar-se [una quantitat de temps]<\/strong><\/em>\u00a0&lt;alg\u00fa (expressat en plural o coordinant els elements)&gt; Tenir difer\u00e8ncia d&#8217;edat l&#8217;un amb l&#8217;altre.\u00a0<em><span class=\"exemple\">Els germans es porten tres anys. La Marta i el David es porten tres anys.<\/span><\/em><br \/>\n19.\u00a0<em><strong>portar-se [una quantitat de temps] [amb alg\u00fa]<\/strong><\/em>\u00a0Tenir difer\u00e8ncia d&#8217;edat.\u00a0<em><span class=\"exemple\">El David es porta tres anys amb la Marta.<\/span><\/em><\/p><\/blockquote>\n<p>Cal tindre en compte que les accepcions (17 i 18) tamb\u00e9 s\u00f3n habituals al Pa\u00eds Valenci\u00e0 amb el verb\u00a0<em>llevar-se<\/em>. Aix\u00f2 sembla un calc del castell\u00e0\u00a0<em>llevarse<\/em>\u00a0usat en el mateix context. Amb tot, \u00c0ngel Alexandre i Eugeni Reig (Migjorn, gener del 2006) sospiten que pot ser una resta de l&#8217;antic verb\u00a0<em>llevar<\/em> en les accepcions &#8216;separar&#8217; o &#8216;al\u00e7ar&#8217;. Tanmateix, no he localitzat per ara (03.11.2011) documentaci\u00f3 que confirme eixa possibilitat.<\/p>\n<p>Pel que fa als usos de <em>llevar-se,<\/em> a m\u00e9s de la difer\u00e8ncia d&#8217;edat, tamb\u00e9 s&#8217;utilitza per a assenyalar la difer\u00e8ncia en la data de la mort: <span class=\"exemple\"><em>Ha mort el fill del farmac\u00e8utic. Ja veus, son pare va morir no fa tant, s&#8217;han llevat tres anys<\/em>&#8230;<\/span><\/p>\n","protected":false},"excerpt":{"rendered":"<p>El Diccionari de per\u00edfrasis verbals (2021) de Xavier Rull Muruz\u00e0bal (consulta: 15.02.2024) recull esta construcci\u00f3 entre les per\u00edfrasis aspectuals de progressi\u00f3 o durada (classe A5): A5) Aspectuals de progressi\u00f3 o durada (per a indicar que una acci\u00f3 es fa de manera continuada \u2014encara que hi caben altres matisos\u2014 o durant un cert temps \u2014encara que [&hellip;]<\/p>\n","protected":false},"author":1,"featured_media":0,"comment_status":"open","ping_status":"open","sticky":false,"template":"","format":"standard","meta":{"footnotes":""},"categories":[50],"tags":[26,53,27,62],"class_list":["post-4283","post","type-post","status-publish","format-standard","hentry","category-lletra-p","tag-expressions","tag-revisions","tag-sintaxi","tag-verbs"],"post_mailing_queue_ids":[],"_links":{"self":[{"href":"https:\/\/www.cdlpv.org\/fitxes\/wp-json\/wp\/v2\/posts\/4283","targetHints":{"allow":["GET"]}}],"collection":[{"href":"https:\/\/www.cdlpv.org\/fitxes\/wp-json\/wp\/v2\/posts"}],"about":[{"href":"https:\/\/www.cdlpv.org\/fitxes\/wp-json\/wp\/v2\/types\/post"}],"author":[{"embeddable":true,"href":"https:\/\/www.cdlpv.org\/fitxes\/wp-json\/wp\/v2\/users\/1"}],"replies":[{"embeddable":true,"href":"https:\/\/www.cdlpv.org\/fitxes\/wp-json\/wp\/v2\/comments?post=4283"}],"version-history":[{"count":11,"href":"https:\/\/www.cdlpv.org\/fitxes\/wp-json\/wp\/v2\/posts\/4283\/revisions"}],"predecessor-version":[{"id":6605,"href":"https:\/\/www.cdlpv.org\/fitxes\/wp-json\/wp\/v2\/posts\/4283\/revisions\/6605"}],"wp:attachment":[{"href":"https:\/\/www.cdlpv.org\/fitxes\/wp-json\/wp\/v2\/media?parent=4283"}],"wp:term":[{"taxonomy":"category","embeddable":true,"href":"https:\/\/www.cdlpv.org\/fitxes\/wp-json\/wp\/v2\/categories?post=4283"},{"taxonomy":"post_tag","embeddable":true,"href":"https:\/\/www.cdlpv.org\/fitxes\/wp-json\/wp\/v2\/tags?post=4283"}],"curies":[{"name":"wp","href":"https:\/\/api.w.org\/{rel}","templated":true}]}}