{"id":4093,"date":"2021-06-12T20:30:06","date_gmt":"2021-06-12T18:30:06","guid":{"rendered":"https:\/\/www.cdlpv.org\/fitxes\/?p=4093"},"modified":"2021-06-14T11:09:53","modified_gmt":"2021-06-14T09:09:53","slug":"assarb","status":"publish","type":"post","link":"https:\/\/www.cdlpv.org\/fitxes\/assarb\/","title":{"rendered":"assarb"},"content":{"rendered":"<p>\u00c9s una paraula de g\u00e8nere femen\u00ed, tal com indiquen Joan Coromines\u00a0(<em>Onomasticon cataloniae <\/em><a href=\"https:\/\/href.li\/?https:\/\/oncat.iec.cat\/veuredoc.asp?id=4311\" target=\"_blank\" rel=\"noopener\"><i class=\"fas fa-external-link-alt\"><\/i><\/a>), Carles Segura Llopes (<em>Una cru\u00eflla ling\u00fc\u00edstica<\/em> <a href=\"https:\/\/href.li\/?https:\/\/books.google.es\/books?id=NAfkAAAAMAAJ&amp;q=assarb+femen%C3%AD&amp;dq=assarb+femen%C3%AD&amp;hl=ca&amp;sa=X&amp;ved=2ahUKEwiI9pjQwozxAhWQzYUKHUAUBrcQ6AEwAHoECAIQAg\" target=\"_blank\" rel=\"noopener\"><i class=\"fas fa-external-link-alt\"><\/i><\/a>), el <em><span class=\"versaleta\">gdlc<\/span><\/em> <a href=\"https:\/\/href.li\/?http:\/\/www.avl.gva.es\/lexicval\/?paraula=assarb\" target=\"_blank\" rel=\"noopener\"><i class=\"fas fa-external-link-alt\"><\/i><\/a>\u00a0i el <span class=\"versaleta\"><em>dnv <\/em><a href=\"https:\/\/href.li\/?http:\/\/www.diccionari.cat\/lexicx.jsp?GECART=0013239\" target=\"_blank\" rel=\"noopener\"><i class=\"fas fa-external-link-alt\"><\/i><\/a><\/span>.<\/p>\n<p>Fins ara el Cercaterm tenia tres fitxes\u00a0\u00a0on indicaven g\u00e8neres diferents. Els ho hem indicat i mos han enviat (10.06.2021) la resposta seg\u00fcent:<\/p>\n<blockquote><p>Efectivament, es tracta d\u2019un mot femen\u00ed.<br \/>\nFarem les esmenes pertinents en les fitxes afectades.<\/p><\/blockquote>\n","protected":false},"excerpt":{"rendered":"<p>\u00c9s una paraula de g\u00e8nere femen\u00ed, tal com indiquen Joan Coromines\u00a0(Onomasticon cataloniae ), Carles Segura Llopes (Una cru\u00eflla ling\u00fc\u00edstica ), el gdlc \u00a0i el dnv . Fins ara el Cercaterm tenia tres fitxes\u00a0\u00a0on indicaven g\u00e8neres diferents. Els ho hem indicat i mos han enviat (10.06.2021) la resposta seg\u00fcent: Efectivament, es tracta d\u2019un mot femen\u00ed. Farem [&hellip;]<\/p>\n","protected":false},"author":1,"featured_media":0,"comment_status":"open","ping_status":"open","sticky":false,"template":"","format":"standard","meta":{"footnotes":""},"categories":[18],"tags":[17,91],"class_list":["post-4093","post","type-post","status-publish","format-standard","hentry","category-lletra-a","tag-lexic","tag-substantius"],"post_mailing_queue_ids":[],"_links":{"self":[{"href":"https:\/\/www.cdlpv.org\/fitxes\/wp-json\/wp\/v2\/posts\/4093","targetHints":{"allow":["GET"]}}],"collection":[{"href":"https:\/\/www.cdlpv.org\/fitxes\/wp-json\/wp\/v2\/posts"}],"about":[{"href":"https:\/\/www.cdlpv.org\/fitxes\/wp-json\/wp\/v2\/types\/post"}],"author":[{"embeddable":true,"href":"https:\/\/www.cdlpv.org\/fitxes\/wp-json\/wp\/v2\/users\/1"}],"replies":[{"embeddable":true,"href":"https:\/\/www.cdlpv.org\/fitxes\/wp-json\/wp\/v2\/comments?post=4093"}],"version-history":[{"count":3,"href":"https:\/\/www.cdlpv.org\/fitxes\/wp-json\/wp\/v2\/posts\/4093\/revisions"}],"predecessor-version":[{"id":4097,"href":"https:\/\/www.cdlpv.org\/fitxes\/wp-json\/wp\/v2\/posts\/4093\/revisions\/4097"}],"wp:attachment":[{"href":"https:\/\/www.cdlpv.org\/fitxes\/wp-json\/wp\/v2\/media?parent=4093"}],"wp:term":[{"taxonomy":"category","embeddable":true,"href":"https:\/\/www.cdlpv.org\/fitxes\/wp-json\/wp\/v2\/categories?post=4093"},{"taxonomy":"post_tag","embeddable":true,"href":"https:\/\/www.cdlpv.org\/fitxes\/wp-json\/wp\/v2\/tags?post=4093"}],"curies":[{"name":"wp","href":"https:\/\/api.w.org\/{rel}","templated":true}]}}