{"id":4053,"date":"2021-07-22T20:30:08","date_gmt":"2021-07-22T18:30:08","guid":{"rendered":"https:\/\/www.cdlpv.org\/fitxes\/?p=4053"},"modified":"2021-07-22T10:03:52","modified_gmt":"2021-07-22T08:03:52","slug":"pro-rata-temporis","status":"publish","type":"post","link":"https:\/\/www.cdlpv.org\/fitxes\/pro-rata-temporis\/","title":{"rendered":"<i>pro rata temporis<\/i>"},"content":{"rendered":"<figure id=\"attachment_4228\" aria-describedby=\"caption-attachment-4228\" style=\"width: 300px\" class=\"wp-caption alignleft\"><a href=\"https:\/\/www.cdlpv.org\/fitxes\/wp-content\/uploads\/2021\/07\/Pro-rata-temporis.png\" target=\"_blank\" rel=\"https:\/\/books.google.es\/books?id=moZDAAAAcAAJ&amp;pg=RA3-PA227&amp;dq=%22pro+rata+temporis%22+latin&amp;hl=ca&amp;sa=X&amp;ved=2ahUKEwiisLD8mfbxAhUJqxoKHSE2BiE4FBDoATAHegQIChAC#v=onepage&amp;q&amp;f=false noopener\"><img loading=\"lazy\" decoding=\"async\" class=\"wp-image-4228 size-medium\" src=\"https:\/\/www.cdlpv.org\/fitxes\/wp-content\/uploads\/2021\/07\/Pro-rata-temporis-300x93.png\" alt=\"Pro rata temporis\" width=\"300\" height=\"93\" srcset=\"https:\/\/www.cdlpv.org\/fitxes\/wp-content\/uploads\/2021\/07\/Pro-rata-temporis-300x93.png 300w, https:\/\/www.cdlpv.org\/fitxes\/wp-content\/uploads\/2021\/07\/Pro-rata-temporis.png 467w\" sizes=\"auto, (max-width: 300px) 100vw, 300px\" \/><\/a><figcaption id=\"caption-attachment-4228\" class=\"wp-caption-text\"><span style=\"font-size: 10pt;\">Mostra d&#8217;\u00fas de \u00abpro rata temporis\u00bb en el franc\u00e9s del segle XVIII.<\/span><\/figcaption><\/figure>\n<p>En la cl\u00e0usula 4 de la Directiva 199\/70\/CE del Consell de la Uni\u00f3 Europea <a href=\"https:\/\/eur-lex.europa.eu\/legal-content\/FR\/TXT\/?qid=1621582116932&amp;uri=CELEX%3A31999L0070\" target=\"_blank\" rel=\"noopener\"><i class=\"fas fa-external-link-alt\"><\/i><\/a> s&#8217;indica:<\/p>\n<blockquote><p>Quan siga adequat, s\u2019ha d\u2019aplicar el principi <em>pro rata temporis<\/em>.<\/p><\/blockquote>\n<p>Eixa expressi\u00f3 llatina significa &#8216;proporcional al temps&#8217;. \u00c9s una expressi\u00f3 prou usual en l&#8217;\u00e0mbit notarial, la comptabilitat o el dret internacional.<\/p>\n","protected":false},"excerpt":{"rendered":"<p>En la cl\u00e0usula 4 de la Directiva 199\/70\/CE del Consell de la Uni\u00f3 Europea s&#8217;indica: Quan siga adequat, s\u2019ha d\u2019aplicar el principi pro rata temporis. Eixa expressi\u00f3 llatina significa &#8216;proporcional al temps&#8217;. \u00c9s una expressi\u00f3 prou usual en l&#8217;\u00e0mbit notarial, la comptabilitat o el dret internacional.<\/p>\n","protected":false},"author":1,"featured_media":0,"comment_status":"open","ping_status":"open","sticky":false,"template":"","format":"standard","meta":{"footnotes":""},"categories":[50],"tags":[26,114,158],"class_list":["post-4053","post","type-post","status-publish","format-standard","hentry","category-lletra-p","tag-expressions","tag-llati","tag-unio-europea"],"post_mailing_queue_ids":[],"_links":{"self":[{"href":"https:\/\/www.cdlpv.org\/fitxes\/wp-json\/wp\/v2\/posts\/4053","targetHints":{"allow":["GET"]}}],"collection":[{"href":"https:\/\/www.cdlpv.org\/fitxes\/wp-json\/wp\/v2\/posts"}],"about":[{"href":"https:\/\/www.cdlpv.org\/fitxes\/wp-json\/wp\/v2\/types\/post"}],"author":[{"embeddable":true,"href":"https:\/\/www.cdlpv.org\/fitxes\/wp-json\/wp\/v2\/users\/1"}],"replies":[{"embeddable":true,"href":"https:\/\/www.cdlpv.org\/fitxes\/wp-json\/wp\/v2\/comments?post=4053"}],"version-history":[{"count":4,"href":"https:\/\/www.cdlpv.org\/fitxes\/wp-json\/wp\/v2\/posts\/4053\/revisions"}],"predecessor-version":[{"id":4230,"href":"https:\/\/www.cdlpv.org\/fitxes\/wp-json\/wp\/v2\/posts\/4053\/revisions\/4230"}],"wp:attachment":[{"href":"https:\/\/www.cdlpv.org\/fitxes\/wp-json\/wp\/v2\/media?parent=4053"}],"wp:term":[{"taxonomy":"category","embeddable":true,"href":"https:\/\/www.cdlpv.org\/fitxes\/wp-json\/wp\/v2\/categories?post=4053"},{"taxonomy":"post_tag","embeddable":true,"href":"https:\/\/www.cdlpv.org\/fitxes\/wp-json\/wp\/v2\/tags?post=4053"}],"curies":[{"name":"wp","href":"https:\/\/api.w.org\/{rel}","templated":true}]}}