{"id":3991,"date":"2021-04-20T20:30:34","date_gmt":"2021-04-20T18:30:34","guid":{"rendered":"https:\/\/www.cdlpv.org\/fitxes\/?p=3991"},"modified":"2021-05-11T12:57:16","modified_gmt":"2021-05-11T10:57:16","slug":"alegal","status":"publish","type":"post","link":"https:\/\/www.cdlpv.org\/fitxes\/alegal\/","title":{"rendered":"alegal"},"content":{"rendered":"<p>Segons el <em>Diccionari jur\u00eddic catal\u00e0<\/em> de l&#8217;<span class=\"versaleta\">iec<\/span> (consulta: <a href=\"https:\/\/cit.iec.cat\/DJC\/default.asp?opcio=0\" target=\"_blank\" rel=\"noopener\">24.01.2012<\/a>):<\/p>\n<blockquote><p><strong>alegal <\/strong><em>adj.<\/em><br \/>\nDRET<br \/>\nQue no \u00e9s regulat ni prohibit per la legislaci\u00f3 vigent.<br \/>\nEx.:\u00a0<span class=\"exemple\">Les emissores* de r\u00e0dio alegals no s\u00f3n un problema si no interfereixen alguna banda de freq\u00fc\u00e8ncies d\u2019emissi\u00f3 legalitzada pr\u00e8viament.<\/span><em>es<\/em>\u00a0alegal<\/p>\n<hr \/>\n<div class=\"su-note\"  style=\"border-color:#e5e54c;border-radius:3px;-moz-border-radius:3px;-webkit-border-radius:3px;\"><div class=\"su-note-inner su-u-clearfix su-u-trim\" style=\"background-color:#FFFF66;border-color:#ffffff;color:#333333;border-radius:3px;-moz-border-radius:3px;-webkit-border-radius:3px;\"><span style=\"font-size: 10pt;\">* V\u00edctor Xercavins em fa vore una errada en <em>emisores<\/em> (06.02.2012). L&#8217;esmene i avise els del <span class=\"versaleta\"><em>djc<\/em><\/span>.<\/span><\/div><\/div><\/blockquote>\n<p>En el Cercaterm (consulta: 10.11.2005 <a href=\"https:\/\/www.termcat.cat\/ca\/cercaterm\/fitxa\/MzE5OTg5NA%3D%3D\" target=\"_blank\" rel=\"noopener\"><i class=\"fas fa-external-link-alt\"><\/i><\/a>) trobem:<\/p>\n<blockquote><p><strong>alegal<\/strong> ca <em>alegal<\/em>, <em>adj<\/em><br \/>\nQue no est\u00e0 previst per la llei.<\/p><\/blockquote>\n<p>Eixa mateixa definici\u00f3 \u00e9s la que dona el dnv (consulta: 20.04.2021 <a href=\"http:\/\/www.avl.gva.es\/lexicval\/?paraula=alegal\" target=\"_blank\" rel=\"noopener\"><i class=\"fas fa-external-link-alt\"><\/i><\/a>).<\/p>\n<p>Nom\u00e9s l&#8217;he localitzat una vegada en la <em>GEC<\/em> (s. v. <em>radiodifusi\u00f3<\/em>; consulta: 24.01.2012 <a href=\"https:\/\/www.enciclopedia.cat\/ec-gec-0136618.xml\" target=\"_blank\" rel=\"noopener\"><i class=\"fas fa-external-link-alt\"><\/i><\/a>):<\/p>\n<blockquote><p>\u00abDespr\u00e9s d&#8217;una primera etapa de proliferaci\u00f3 alegal d&#8217;emissores municipals, comercials i de les denominades r\u00e0dios lliures, l&#8217;administraci\u00f3 p\u00fablica ha atorgat llic\u00e8ncies a emissores segons la disponibilitat de l&#8217;espai radioel\u00e8ctric i de l&#8217;acompliment de les condicions.\u00bb<\/p><\/blockquote>\n<p>I una vegada \u2014amb la forma <em>al\u00b7legal<\/em>*, segurament originada per analogia\u2014 en el PDL-IEC (<em>El Temps<\/em>, 94, 1986):<\/p>\n<blockquote><p>\u00abDoncs b\u00e9, prudentment o no, dir\u00e9 dues coses. La primera: si la maquineta de Castell\u00f3 \u00e9s al\u00b7legal il\u00b7legal o contral\u00b7legal, el mateix caldria dir de les emissores d&#8217;FM que funcionen sense llic\u00e8ncia, de les emissores de l&#8217;ona mitjana que ocupen al dial freq\u00fc\u00e8ncies que no els corresponen, de les emissores d&#8217;FM i ona mitjana que emeten amb pot\u00e8ncies for\u00e7a superiors a les atorgades legalment, i etc., etc., etc.\u00bb<\/p><\/blockquote>\n<p>En el 2005 no vam localitzar el terme en els diccionaris habituals, ni en espanyol en el <em><span class=\"versaleta\">drae<\/span>, Clave, Espasa;<\/em> ni en itali\u00e0 en el <em>Garzanti;<\/em> ni en portugu\u00e9s en el diccionari de la Real Acad\u00e9mia Galega o en <em>Infop\u00e9dia<\/em> (Porto Editora); per\u00f2 en la revisi\u00f3 del 2012 s\u00ed que el localitzem en castell\u00e0 <em>(<span class=\"versaleta\">drae)<\/span>:<\/em><\/p>\n<blockquote><p><strong>alegal 1.<\/strong> adj. No regulado ni prohibido. <em>Emisoras de radio alegales.<\/em><\/p><\/blockquote>\n<p>En itali\u00e0 <em>(Garzanti)<\/em> sembla que opten per una altra possibilitat:<\/p>\n<blockquote><p><strong>extra legale<\/strong> <em>agg.<\/em> non contemplato dalla legge; per estens., illegale.<\/p><\/blockquote>\n","protected":false},"excerpt":{"rendered":"<p>Segons el Diccionari jur\u00eddic catal\u00e0 de l&#8217;iec (consulta: 24.01.2012): alegal adj. DRET Que no \u00e9s regulat ni prohibit per la legislaci\u00f3 vigent. Ex.:\u00a0Les emissores* de r\u00e0dio alegals no s\u00f3n un problema si no interfereixen alguna banda de freq\u00fc\u00e8ncies d\u2019emissi\u00f3 legalitzada pr\u00e8viament.es\u00a0alegal En el Cercaterm (consulta: 10.11.2005 ) trobem: alegal ca alegal, adj Que no est\u00e0 [&hellip;]<\/p>\n","protected":false},"author":1,"featured_media":0,"comment_status":"open","ping_status":"open","sticky":false,"template":"","format":"standard","meta":{"footnotes":""},"categories":[18],"tags":[49,20,17,53],"class_list":["post-3991","post","type-post","status-publish","format-standard","hentry","category-lletra-a","tag-adjectius","tag-juridicoadministratiu","tag-lexic","tag-revisions"],"post_mailing_queue_ids":[],"_links":{"self":[{"href":"https:\/\/www.cdlpv.org\/fitxes\/wp-json\/wp\/v2\/posts\/3991","targetHints":{"allow":["GET"]}}],"collection":[{"href":"https:\/\/www.cdlpv.org\/fitxes\/wp-json\/wp\/v2\/posts"}],"about":[{"href":"https:\/\/www.cdlpv.org\/fitxes\/wp-json\/wp\/v2\/types\/post"}],"author":[{"embeddable":true,"href":"https:\/\/www.cdlpv.org\/fitxes\/wp-json\/wp\/v2\/users\/1"}],"replies":[{"embeddable":true,"href":"https:\/\/www.cdlpv.org\/fitxes\/wp-json\/wp\/v2\/comments?post=3991"}],"version-history":[{"count":6,"href":"https:\/\/www.cdlpv.org\/fitxes\/wp-json\/wp\/v2\/posts\/3991\/revisions"}],"predecessor-version":[{"id":4032,"href":"https:\/\/www.cdlpv.org\/fitxes\/wp-json\/wp\/v2\/posts\/3991\/revisions\/4032"}],"wp:attachment":[{"href":"https:\/\/www.cdlpv.org\/fitxes\/wp-json\/wp\/v2\/media?parent=3991"}],"wp:term":[{"taxonomy":"category","embeddable":true,"href":"https:\/\/www.cdlpv.org\/fitxes\/wp-json\/wp\/v2\/categories?post=3991"},{"taxonomy":"post_tag","embeddable":true,"href":"https:\/\/www.cdlpv.org\/fitxes\/wp-json\/wp\/v2\/tags?post=3991"}],"curies":[{"name":"wp","href":"https:\/\/api.w.org\/{rel}","templated":true}]}}