{"id":3977,"date":"2021-04-16T20:30:25","date_gmt":"2021-04-16T18:30:25","guid":{"rendered":"https:\/\/www.cdlpv.org\/fitxes\/?p=3977"},"modified":"2021-04-16T23:06:14","modified_gmt":"2021-04-16T21:06:14","slug":"andri-andria","status":"publish","type":"post","link":"https:\/\/www.cdlpv.org\/fitxes\/andri-andria\/","title":{"rendered":"andri \u00e0ndria"},"content":{"rendered":"<p>Joan Coromines comenta en la revisi\u00f3 del volum primer de les <em>Com\u00e8dies<\/em> de Terenci, en una nota: <a href=\"https:\/\/books.google.es\/books?id=IM3emhFk4J0C&amp;pg=PA12-IA1&amp;lpg=PA12-IA1&amp;dq=illa+grega+andros+%22gentilici%22&amp;source=bl&amp;ots=HcdSziTwVH&amp;sig=ACfU3U0pl57Yoq_3nl4--psPU5_TOwEc2w&amp;hl=ca&amp;sa=X&amp;ved=2ahUKEwjQ8vH7hYDwAhXk1uAKHWoiDKEQ6AEwDXoECBAQAw#v=onepage&amp;q&amp;f=false\" target=\"_blank\" rel=\"noopener\"><i class=\"fas fa-external-link-alt\"><\/i><\/a><\/p>\n<blockquote><p><em>Andria<\/em> \u00e9s el gentilici grec de\u00a0<em>Andros, <\/em>que pot conservar-se en catal\u00e0. Com L\u00e8sbia, que vol dir filla de Lesbos, \u00c0ndria vol dir filla d&#8217;Andros (<a href=\"https:\/\/el.wikipedia.org\/wiki\/%CE%86%CE%BD%CE%B4%CF%81%CE%BF%CF%82\" target=\"_blank\" rel=\"noopener\">\u0386\u03bd\u03b4\u03c1\u03bf\u03c2<\/a>), l&#8217;illa m\u00e9s septentrional de les C\u00edclades.<\/p><\/blockquote>\n<p>Encara no apareix en els diccionaris, per\u00f2 conv\u00e9 aprofitar \u2014tal com demana el company Josep Lozano\u2014 l&#8217;aportaci\u00f3 que fa Coromines d&#8217;este gentilici. Per tant:<\/p>\n<blockquote><p><strong>andri \u00e0ndria<br \/>\n<\/strong><i>adj.<\/i>\u00a0i\u00a0<i>m.<\/i>\u00a0i\u00a0<i>f.<\/i> De l&#8217;illa d&#8217;Andros (Gr\u00e8cia).<\/p><\/blockquote>\n<p>Podem localitzar alguna documentaci\u00f3 m\u00e9s sobre l&#8217;\u00fas del gentilici, com ara:<\/p>\n<blockquote><p>\u0386ristokr\u03acte\u03c2 | \u2019\u2032Andrio\u03c2. \u00abArist\u00f2crates andri.\u00bb [&#8230;] L\u2019\u00e8tnic correspon al d\u2019Andros<span dir=\"ltr\">, illa de les C\u00edclades colonitzada per jonis.<br \/>\n<span style=\"float: right;\">(Anna Ginest\u00ed Rosell [2006]: <em>Epigrafia funer\u00e0ria d\u2019estrangers a Atenes (s. VI-IV aC): Cat\u00e0leg i comentari formal i institucional de les inscripcions.<\/em>) <a href=\"https:\/\/www.tesisenred.net\/bitstream\/handle\/10803\/5545\/agr1de1.pdf?sequence=1&amp;isAllowed=y\" target=\"_blank\" rel=\"noopener\"><i class=\"fas fa-file-pdf\"><\/i><\/a><br \/>\n<\/span><\/span><\/p><\/blockquote>\n","protected":false},"excerpt":{"rendered":"<p>Joan Coromines comenta en la revisi\u00f3 del volum primer de les Com\u00e8dies de Terenci, en una nota: Andria \u00e9s el gentilici grec de\u00a0Andros, que pot conservar-se en catal\u00e0. Com L\u00e8sbia, que vol dir filla de Lesbos, \u00c0ndria vol dir filla d&#8217;Andros (\u0386\u03bd\u03b4\u03c1\u03bf\u03c2), l&#8217;illa m\u00e9s septentrional de les C\u00edclades. Encara no apareix en els diccionaris, per\u00f2 [&hellip;]<\/p>\n","protected":false},"author":1,"featured_media":0,"comment_status":"open","ping_status":"open","sticky":false,"template":"","format":"standard","meta":{"footnotes":""},"categories":[18],"tags":[34,94,74],"class_list":["post-3977","post","type-post","status-publish","format-standard","hentry","category-lletra-a","tag-gentilicis","tag-geografia","tag-grec"],"post_mailing_queue_ids":[],"_links":{"self":[{"href":"https:\/\/www.cdlpv.org\/fitxes\/wp-json\/wp\/v2\/posts\/3977","targetHints":{"allow":["GET"]}}],"collection":[{"href":"https:\/\/www.cdlpv.org\/fitxes\/wp-json\/wp\/v2\/posts"}],"about":[{"href":"https:\/\/www.cdlpv.org\/fitxes\/wp-json\/wp\/v2\/types\/post"}],"author":[{"embeddable":true,"href":"https:\/\/www.cdlpv.org\/fitxes\/wp-json\/wp\/v2\/users\/1"}],"replies":[{"embeddable":true,"href":"https:\/\/www.cdlpv.org\/fitxes\/wp-json\/wp\/v2\/comments?post=3977"}],"version-history":[{"count":4,"href":"https:\/\/www.cdlpv.org\/fitxes\/wp-json\/wp\/v2\/posts\/3977\/revisions"}],"predecessor-version":[{"id":3983,"href":"https:\/\/www.cdlpv.org\/fitxes\/wp-json\/wp\/v2\/posts\/3977\/revisions\/3983"}],"wp:attachment":[{"href":"https:\/\/www.cdlpv.org\/fitxes\/wp-json\/wp\/v2\/media?parent=3977"}],"wp:term":[{"taxonomy":"category","embeddable":true,"href":"https:\/\/www.cdlpv.org\/fitxes\/wp-json\/wp\/v2\/categories?post=3977"},{"taxonomy":"post_tag","embeddable":true,"href":"https:\/\/www.cdlpv.org\/fitxes\/wp-json\/wp\/v2\/tags?post=3977"}],"curies":[{"name":"wp","href":"https:\/\/api.w.org\/{rel}","templated":true}]}}