{"id":3969,"date":"2021-12-28T20:30:00","date_gmt":"2021-12-28T19:30:00","guid":{"rendered":"https:\/\/www.cdlpv.org\/fitxes\/?p=3969"},"modified":"2021-12-28T11:13:54","modified_gmt":"2021-12-28T10:13:54","slug":"litre","status":"publish","type":"post","link":"https:\/\/www.cdlpv.org\/fitxes\/litre\/","title":{"rendered":"litre"},"content":{"rendered":"<p>El s\u00edmbol del litre, la mesura de capacitat, <a href=\"https:\/\/ca.wikipedia.org\/wiki\/Litre\" target=\"_blank\" rel=\"noopener\"><i class=\"fas fa-external-link-alt\"><\/i><\/a> es representa tant amb ele min\u00fascula com amb ele maj\u00fascula <em>(l L).<\/em> La doble representaci\u00f3 s\u2019origina en la necessitat d\u2019evitar la confusi\u00f3 de la min\u00fascula amb la xifra <em>1<\/em>. Segons el sistema internacional d\u2019unitats (SI) de l&#8217;Ag\u00e8ncia Internacional de Pesos i Mesures (document d&#8217;anys diferents):<\/p>\n<blockquote><p>(1998) <em>(c)<\/em> Cette unit\u00e9 et le symbole <em>1<\/em> ont \u00e9t\u00e9 adopt\u00e9s par le Comit\u00e9 international en 1879 (PV<em>, <\/em>1879, 41). L\u2019autre symbole, <em>L,<\/em> a \u00e9t\u00e9 adopt\u00e9 par la 16<sup>e<\/sup> CGPM (1979, R\u00e9solution 6; CR,101 et <em>Metrologia<\/em>, 1980, <strong>16<\/strong>, 56-57) pour \u00e9viter le risque de confusion entre la lettre <em>l<\/em> et le chiffre <em>1.<\/em> La d\u00e9finition actuelle du litre est donn\u00e9e dans la R\u00e9solution 6 de la 12<sup>e<\/sup> CGPM (1964; CR,93).<\/p>\n<p>(2006) <em>(f)<\/em> Le litre et son symbole <em>l<\/em> (en minuscule) furent adopt\u00e9s par le Comit\u00e9 international en 1879 (PV, 1879, 41). Le symbole <em>L<\/em> (en capitale) fut adopt\u00e9 par la 16<sup>e<\/sup> Conf\u00e9rence g\u00e9n\u00e9rale (1979, R\u00e9solution 6 ; CR, 101 et <em>Metrologia,<\/em> 1980, <strong>16<\/strong>, 56-57), comme alternative pour \u00e9viter le risque de confusion entre la lettre <em>l<\/em> et le chiffre <em>un, 1<\/em>.<\/p><\/blockquote>\n<p>En conseq\u00fc\u00e8ncia, el mil\u00b7lilitre es pot representar amb <em>ml<\/em> o <em>mL.<\/em><\/p>\n<hr \/>\n<p>La paraula <em>litre<\/em> tamb\u00e9 \u00e9s el nom d&#8217;una planta, <a href=\"https:\/\/ca.wikipedia.org\/wiki\/Salic%C3%A0ria\" target=\"_blank\" rel=\"noopener\"><i class=\"fas fa-external-link-alt\"><\/i><\/a> tal com indica el <em><span class=\"versaleta\">gdlc<\/span>: <\/em><a href=\"http:\/\/www.diccionari.cat\/lexicx.jsp?GECART=0081893\" target=\"_blank\" rel=\"noopener\"><i class=\"fas fa-external-link-alt\"><\/i><\/a><\/p>\n<blockquote><p><strong>litre<sup><em>2 <\/em><\/sup><\/strong><em>m.<\/em> BOT G\u00e8nere de plantes de la fam\u00edlia de les litr\u00e0cies (<em>Lythrum<\/em> sp.), de fulles simples enteres i flors purp\u00faries.<\/p><\/blockquote>\n","protected":false},"excerpt":{"rendered":"<p>El s\u00edmbol del litre, la mesura de capacitat, es representa tant amb ele min\u00fascula com amb ele maj\u00fascula (l L). La doble representaci\u00f3 s\u2019origina en la necessitat d\u2019evitar la confusi\u00f3 de la min\u00fascula amb la xifra 1. Segons el sistema internacional d\u2019unitats (SI) de l&#8217;Ag\u00e8ncia Internacional de Pesos i Mesures (document d&#8217;anys diferents): (1998) (c) [&hellip;]<\/p>\n","protected":false},"author":1,"featured_media":0,"comment_status":"open","ping_status":"open","sticky":false,"template":"","format":"standard","meta":{"footnotes":""},"categories":[45],"tags":[136,88,17,53,91],"class_list":["post-3969","post","type-post","status-publish","format-standard","hentry","category-lletra-l","tag-abreviacions","tag-ciencia","tag-lexic","tag-revisions","tag-substantius"],"post_mailing_queue_ids":[],"_links":{"self":[{"href":"https:\/\/www.cdlpv.org\/fitxes\/wp-json\/wp\/v2\/posts\/3969","targetHints":{"allow":["GET"]}}],"collection":[{"href":"https:\/\/www.cdlpv.org\/fitxes\/wp-json\/wp\/v2\/posts"}],"about":[{"href":"https:\/\/www.cdlpv.org\/fitxes\/wp-json\/wp\/v2\/types\/post"}],"author":[{"embeddable":true,"href":"https:\/\/www.cdlpv.org\/fitxes\/wp-json\/wp\/v2\/users\/1"}],"replies":[{"embeddable":true,"href":"https:\/\/www.cdlpv.org\/fitxes\/wp-json\/wp\/v2\/comments?post=3969"}],"version-history":[{"count":8,"href":"https:\/\/www.cdlpv.org\/fitxes\/wp-json\/wp\/v2\/posts\/3969\/revisions"}],"predecessor-version":[{"id":4533,"href":"https:\/\/www.cdlpv.org\/fitxes\/wp-json\/wp\/v2\/posts\/3969\/revisions\/4533"}],"wp:attachment":[{"href":"https:\/\/www.cdlpv.org\/fitxes\/wp-json\/wp\/v2\/media?parent=3969"}],"wp:term":[{"taxonomy":"category","embeddable":true,"href":"https:\/\/www.cdlpv.org\/fitxes\/wp-json\/wp\/v2\/categories?post=3969"},{"taxonomy":"post_tag","embeddable":true,"href":"https:\/\/www.cdlpv.org\/fitxes\/wp-json\/wp\/v2\/tags?post=3969"}],"curies":[{"name":"wp","href":"https:\/\/api.w.org\/{rel}","templated":true}]}}