{"id":3941,"date":"2021-04-07T20:30:32","date_gmt":"2021-04-07T18:30:32","guid":{"rendered":"https:\/\/www.cdlpv.org\/fitxes\/?p=3941"},"modified":"2021-04-07T12:07:28","modified_gmt":"2021-04-07T10:07:28","slug":"de-la-granja-a-la-taula","status":"publish","type":"post","link":"https:\/\/www.cdlpv.org\/fitxes\/de-la-granja-a-la-taula\/","title":{"rendered":"\u00abDe la granja a la taula\u00bb"},"content":{"rendered":"<p>Este lema ha donat nom a una estrat\u00e8gia de pol\u00edtica aliment\u00e0ria de la Uni\u00f3 Europea. El lema de la denominaci\u00f3 s\u2019ha adaptat maneres diferents en altres idiomes:<\/p>\n<blockquote><p><em>de<\/em> Vom Hof auf den Tisch<br \/>\n<em>en<\/em> From farm to fork<br \/>\n<em>es<\/em> De la granja a la mesa<br \/>\n<em>fr<\/em> De la grange \u00e0 la table<br \/>\n<em>it<\/em> Dal produttore al consumatore<br \/>\n<em>nl<\/em> Vom Hof auf den Tisch<br \/>\n<em>pt<\/em> Do prado ao prato<\/p><\/blockquote>\n<p>El web de la Comissi\u00f3 Europea <a href=\"https:\/\/ec.europa.eu\/info\/strategy\/priorities-2019-2024\/european-green-deal\/actions-being-taken-eu\/farm-fork_pt\" target=\"_blank\" rel=\"noopener\"><i class=\"fas fa-external-link-alt\"><\/i><\/a>\u00a0 cont\u00e9 m\u00e9s dades sobre esta estrat\u00e8gia.<\/p>\n","protected":false},"excerpt":{"rendered":"<p>Este lema ha donat nom a una estrat\u00e8gia de pol\u00edtica aliment\u00e0ria de la Uni\u00f3 Europea. El lema de la denominaci\u00f3 s\u2019ha adaptat maneres diferents en altres idiomes: de Vom Hof auf den Tisch en From farm to fork es De la granja a la mesa fr De la grange \u00e0 la table it Dal produttore [&hellip;]<\/p>\n","protected":false},"author":1,"featured_media":0,"comment_status":"open","ping_status":"open","sticky":false,"template":"","format":"standard","meta":{"footnotes":""},"categories":[35],"tags":[123,65,16,158],"class_list":["post-3941","post","type-post","status-publish","format-standard","hentry","category-lletra-d","tag-agricultura","tag-politica","tag-traduccio","tag-unio-europea"],"post_mailing_queue_ids":[],"_links":{"self":[{"href":"https:\/\/www.cdlpv.org\/fitxes\/wp-json\/wp\/v2\/posts\/3941","targetHints":{"allow":["GET"]}}],"collection":[{"href":"https:\/\/www.cdlpv.org\/fitxes\/wp-json\/wp\/v2\/posts"}],"about":[{"href":"https:\/\/www.cdlpv.org\/fitxes\/wp-json\/wp\/v2\/types\/post"}],"author":[{"embeddable":true,"href":"https:\/\/www.cdlpv.org\/fitxes\/wp-json\/wp\/v2\/users\/1"}],"replies":[{"embeddable":true,"href":"https:\/\/www.cdlpv.org\/fitxes\/wp-json\/wp\/v2\/comments?post=3941"}],"version-history":[{"count":1,"href":"https:\/\/www.cdlpv.org\/fitxes\/wp-json\/wp\/v2\/posts\/3941\/revisions"}],"predecessor-version":[{"id":3943,"href":"https:\/\/www.cdlpv.org\/fitxes\/wp-json\/wp\/v2\/posts\/3941\/revisions\/3943"}],"wp:attachment":[{"href":"https:\/\/www.cdlpv.org\/fitxes\/wp-json\/wp\/v2\/media?parent=3941"}],"wp:term":[{"taxonomy":"category","embeddable":true,"href":"https:\/\/www.cdlpv.org\/fitxes\/wp-json\/wp\/v2\/categories?post=3941"},{"taxonomy":"post_tag","embeddable":true,"href":"https:\/\/www.cdlpv.org\/fitxes\/wp-json\/wp\/v2\/tags?post=3941"}],"curies":[{"name":"wp","href":"https:\/\/api.w.org\/{rel}","templated":true}]}}