{"id":3854,"date":"2021-03-09T20:30:43","date_gmt":"2021-03-09T18:30:43","guid":{"rendered":"https:\/\/www.cdlpv.org\/fitxes\/?p=3854"},"modified":"2023-01-03T09:50:36","modified_gmt":"2023-01-03T08:50:36","slug":"habitacular","status":"publish","type":"post","link":"https:\/\/www.cdlpv.org\/fitxes\/habitacular\/","title":{"rendered":"habitacular"},"content":{"rendered":"<p>Segons el <span class=\"versaleta\"><em>gdlc <\/em><\/span>(consulta: <a href=\"http:\/\/www.diccionari.cat\/lexicx.jsp?GECART=0152815\" target=\"_blank\" rel=\"noopener\">09.03.2021<\/a>):<\/p>\n<blockquote><p><strong>habitacular<\/strong> <em>adj<\/em> Relatiu o pertanyent als habitacles i a les construccions humanes. <em>Fauna habitacular.<\/em><\/p><\/blockquote>\n<p>Per tant, l&#8217;adjectiu <em>habitacular <\/em>seria la forma que caldria utilitzar en valenci\u00e0, tamb\u00e9 en el cas del terme <em>emerg\u00e8ncia habitacular<\/em>, que no \u00e9s molt utilitzat. En canvi, les formes <em>emerg\u00e8ncia habitacional<\/em>, <em>emerg\u00e8ncia d\u2019habitatge<\/em> i <em>emerg\u00e8ncia de vivenda<\/em> s\u00f3n equivalents i s\u2019utilitzen per a designar la necessitat urgent d\u2019una casa on viure que patixen les persones a causa de problemes econ\u00f2mics i socials.<\/p>\n<p>D&#8217;acord amb aix\u00f2, vam consultar sobre la forma <em>emerg\u00e8ncia habitacional<\/em> i el Cercaterm mos va enviar la resposta seg\u00fcent (06.03.2020):<\/p>\n<div class=\"entry-content\">\n<blockquote><p>Considerem no adequat l\u2019\u00fas de l\u2019adjectiu\u00a0<em>habitacional<\/em>\u00a0en el context que indiqueu. Aquest adjectiu estaria format a partir de\u00a0<em>habitaci\u00f3<\/em>, que no t\u00e9 estrictament el sentit de\u00a0<em>habitatge<\/em>. La forma adequada i ja en \u00fas \u00e9s\u00a0<em>emerg\u00e8ncia d\u2019habitatge<\/em>.<br \/>\nUs recomanem que llegiu <a href=\"https:\/\/href.li\/?https:\/\/termcat.blog.gencat.cat\/2016\/05\/05\/es-adequat-parlar-de-emergencia-habitacional\/\" target=\"_blank\" rel=\"noopener noreferrer\">l\u2019apunt<\/a> (2016) sobre aquesta q\u00fcesti\u00f3 que es va penjar al blog del TERMCAT.<\/p><\/blockquote>\n<p>L\u2019\u00c9sadir (consulta: <a href=\"https:\/\/href.li\/?http:\/\/esadir.cat\/entrades\/fitxa\/node\/emergencia_habitacional\" target=\"_blank\" rel=\"noopener noreferrer\">06.03.2020<\/a>), en un sentit un poc diferent, valida el terme <em>emerg\u00e8ncia habitacional<\/em> com a equivalent, per\u00f2 afig el comentari seg\u00fcent:<\/p>\n<blockquote><p>Tret d\u2019aquest terme concret, donem prefer\u00e8ncia a <strong>habitatge <\/strong>davant <strong>habitacional<\/strong>: <strong>pol\u00edtiques d\u2019habitatge<\/strong>, <strong>necessitat d\u2019habitatge<\/strong>, <strong>demanda d\u2019habitatge<\/strong>, etc.<\/p><\/blockquote>\n<p><strong>El terme <\/strong><em><strong>alternativa residencial<\/strong><\/em><\/p>\n<p>Posteriorment, el Cercaterm (23.04.2021), davant un concepte relacionat (utilitzat en castell\u00e0 pels parlamentaris valencians: <em>alternativa habitacional<\/em>), considera que tamb\u00e9 \u00e9s adequada una altra soluci\u00f3:<\/p>\n<blockquote class=\"wp-block-quote\"><p>Considerem adequat en aquest cas parlar de\u00a0<em>alternativa residencial<\/em>, incloent l\u2019adjectiu\u00a0<em>residencial<\/em>, relatiu o pertanyent al lloc on hom resideix, de manera que seguim el patr\u00f3 de\u00a0<em>pobresa residencial<\/em>.<\/p><\/blockquote>\n<p>D\u2019acord amb aix\u00f2, podem aplicar l\u2019adjectiu <em>residencial<\/em>\u00a0a nous conceptes relacionats que van aportant les iniciatives parlament\u00e0ries, com ara\u00a0<em>dignitat residencial<\/em> (en lloc de \u00abdignitat habitacional\u00bb) (26.01.2022), seguint la l\u00ednia adoptada pel Cercaterm (01.12.2022):<\/p>\n<blockquote><p>S\u00f3n adequades les formes <em>emerg\u00e8ncia d\u2019habitatge<\/em>,\u00a0<em>emerg\u00e8ncia residencial<\/em>\u00a0i\u00a0<em>emerg\u00e8ncia en l\u2019\u00e0mbit de l\u2019habitatge<\/em>\u00a0(aquesta darrera \u00e9s la utilitzada en la\u00a0<a href=\"https:\/\/portaljuridic.gencat.cat\/ca\/document-del-pjur\/?documentId=700006\">Llei 24\/2015, de 29 de juliol<\/a>.\u00a0Farem una fitxa terminol\u00f2gica d\u2019aquest terme consultable al Cercaterm:<\/p>\n<p>&#8211;\u00a0<em>alternativa residencial<\/em>: hi afegirem el sin\u00f2nim\u00a0<em>alternativa d\u2019habitatge<br \/>\n<\/em>&#8211;\u00a0<em>densitat residencial<\/em>: \u00e9s un terme especialitzat de l\u2019\u00e0mbit de la demografia amb aquesta \u00fanica forma<br \/>\n&#8211;\u00a0<em>pobresa residencial<\/em>: hi afegirem el sin\u00f2nim\u00a0<em>pobresa d\u2019habitatge<\/em><\/p><\/blockquote>\n<\/div>\n<hr \/>\n<p><strong>En castell\u00e0,<\/strong> l&#8217;adjectiu equivalent \u00e9s <em>habitacional,<\/em> que t\u00e9 l&#8217;accepci\u00f3 seg\u00fcent, segons el <span class=\"versaleta\"><em>drae <\/em><\/span>(consulta: <a href=\"https:\/\/dle.rae.es\/habitacional?m=form\" target=\"_blank\" rel=\"noopener\">09.03.2021<\/a>):<\/p>\n<blockquote><p><strong>habitacional<\/strong> <strong>1.<\/strong> adj. Perteneciente o relativo a la <strong>habitaci\u00f3n<\/strong> (\u2551 lugar destinado a vivienda). <em>La demanda habitacional de una ciudad.<\/em><\/p><\/blockquote>\n","protected":false},"excerpt":{"rendered":"<p>Segons el gdlc (consulta: 09.03.2021): habitacular adj Relatiu o pertanyent als habitacles i a les construccions humanes. Fauna habitacular. Per tant, l&#8217;adjectiu habitacular seria la forma que caldria utilitzar en valenci\u00e0, tamb\u00e9 en el cas del terme emerg\u00e8ncia habitacular, que no \u00e9s molt utilitzat. En canvi, les formes emerg\u00e8ncia habitacional, emerg\u00e8ncia d\u2019habitatge i emerg\u00e8ncia de [&hellip;]<\/p>\n","protected":false},"author":1,"featured_media":0,"comment_status":"open","ping_status":"open","sticky":false,"template":"","format":"standard","meta":{"footnotes":""},"categories":[107],"tags":[49,17,13,53,47],"class_list":["post-3854","post","type-post","status-publish","format-standard","hentry","category-lletra-h","tag-adjectius","tag-lexic","tag-neologia","tag-revisions","tag-termcat"],"post_mailing_queue_ids":[],"_links":{"self":[{"href":"https:\/\/www.cdlpv.org\/fitxes\/wp-json\/wp\/v2\/posts\/3854","targetHints":{"allow":["GET"]}}],"collection":[{"href":"https:\/\/www.cdlpv.org\/fitxes\/wp-json\/wp\/v2\/posts"}],"about":[{"href":"https:\/\/www.cdlpv.org\/fitxes\/wp-json\/wp\/v2\/types\/post"}],"author":[{"embeddable":true,"href":"https:\/\/www.cdlpv.org\/fitxes\/wp-json\/wp\/v2\/users\/1"}],"replies":[{"embeddable":true,"href":"https:\/\/www.cdlpv.org\/fitxes\/wp-json\/wp\/v2\/comments?post=3854"}],"version-history":[{"count":4,"href":"https:\/\/www.cdlpv.org\/fitxes\/wp-json\/wp\/v2\/posts\/3854\/revisions"}],"predecessor-version":[{"id":5318,"href":"https:\/\/www.cdlpv.org\/fitxes\/wp-json\/wp\/v2\/posts\/3854\/revisions\/5318"}],"wp:attachment":[{"href":"https:\/\/www.cdlpv.org\/fitxes\/wp-json\/wp\/v2\/media?parent=3854"}],"wp:term":[{"taxonomy":"category","embeddable":true,"href":"https:\/\/www.cdlpv.org\/fitxes\/wp-json\/wp\/v2\/categories?post=3854"},{"taxonomy":"post_tag","embeddable":true,"href":"https:\/\/www.cdlpv.org\/fitxes\/wp-json\/wp\/v2\/tags?post=3854"}],"curies":[{"name":"wp","href":"https:\/\/api.w.org\/{rel}","templated":true}]}}