{"id":3745,"date":"2021-02-11T20:30:01","date_gmt":"2021-02-11T18:30:01","guid":{"rendered":"https:\/\/www.cdlpv.org\/fitxes\/?p=3745"},"modified":"2021-02-11T21:22:29","modified_gmt":"2021-02-11T19:22:29","slug":"faixo","status":"publish","type":"post","link":"https:\/\/www.cdlpv.org\/fitxes\/faixo\/","title":{"rendered":"faix\u00f3"},"content":{"rendered":"<p>Com a terme d\u2019arquitectura, apareixia en el <span class=\"versaleta\"><em>dfullana<\/em><\/span><em>:<\/em><\/p>\n<blockquote><p><strong>faix\u00f3<\/strong><br \/>\n<em>m.<\/em> Faixa ressortida, motllurada o llisa, en un mur, finestra, etc.<\/p><\/blockquote>\n<p>Nom\u00e9s estava en el <span class=\"versaleta\"><em>dfullana<\/em><\/span> en este \u00e0mbit tem\u00e0tic, per\u00f2 en el Termcat tamb\u00e9 l\u2019utilitzen (segons em va comentar Assumpta Forteza, 09.03.2000). Posteriorment, el <span class=\"versaleta\"><em>dnv<\/em><\/span> (consulta: <a href=\"http:\/\/www.avl.gva.es\/lexicval\/?paraula=faix\u00f3\" target=\"_blank\" rel=\"noopener\">11.02.2021<\/a>) l&#8217;ha incorporat amb dos accepcions:<\/p>\n<blockquote><p><em>2. m. CONSTR.<\/em> Requadro ample d&#8217;algeps fet al voltant de portes i finestres.<br \/>\n<em>3. m. CONSTR.<\/em> Arc que sobre\u00efx situat en l&#8217;intrad\u00f3s d&#8217;una nau.<\/p><\/blockquote>\n<hr \/>\n<p>En castell\u00e0, <i>faj\u00f3n<\/i>, que el <span class=\"versaleta\"><em>drae<\/em><\/span> (consulta: <a href=\"https:\/\/dle.rae.es\/faj%C3%B3n\" target=\"_blank\" rel=\"noopener\">11.02.2021<\/a>) definix aixina:<\/p>\n<blockquote><p><strong>1.<\/strong> <em>m. Arq.<\/em> Recuadro ancho de yeso alrededor de los huecos de las puertas y ventanas.<br \/>\n<strong>2.<\/strong> <em>m. Arq.<\/em> Arco de refuerzo de una b\u00f3veda.<\/p><\/blockquote>\n","protected":false},"excerpt":{"rendered":"<p>Com a terme d\u2019arquitectura, apareixia en el dfullana: faix\u00f3 m. Faixa ressortida, motllurada o llisa, en un mur, finestra, etc. Nom\u00e9s estava en el dfullana en este \u00e0mbit tem\u00e0tic, per\u00f2 en el Termcat tamb\u00e9 l\u2019utilitzen (segons em va comentar Assumpta Forteza, 09.03.2000). Posteriorment, el dnv (consulta: 11.02.2021) l&#8217;ha incorporat amb dos accepcions: 2. m. CONSTR. [&hellip;]<\/p>\n","protected":false},"author":1,"featured_media":0,"comment_status":"open","ping_status":"open","sticky":false,"template":"","format":"standard","meta":{"footnotes":""},"categories":[24],"tags":[42,53,91],"class_list":["post-3745","post","type-post","status-publish","format-standard","hentry","category-lletra-f","tag-arquitectura","tag-revisions","tag-substantius"],"post_mailing_queue_ids":[],"_links":{"self":[{"href":"https:\/\/www.cdlpv.org\/fitxes\/wp-json\/wp\/v2\/posts\/3745","targetHints":{"allow":["GET"]}}],"collection":[{"href":"https:\/\/www.cdlpv.org\/fitxes\/wp-json\/wp\/v2\/posts"}],"about":[{"href":"https:\/\/www.cdlpv.org\/fitxes\/wp-json\/wp\/v2\/types\/post"}],"author":[{"embeddable":true,"href":"https:\/\/www.cdlpv.org\/fitxes\/wp-json\/wp\/v2\/users\/1"}],"replies":[{"embeddable":true,"href":"https:\/\/www.cdlpv.org\/fitxes\/wp-json\/wp\/v2\/comments?post=3745"}],"version-history":[{"count":5,"href":"https:\/\/www.cdlpv.org\/fitxes\/wp-json\/wp\/v2\/posts\/3745\/revisions"}],"predecessor-version":[{"id":3760,"href":"https:\/\/www.cdlpv.org\/fitxes\/wp-json\/wp\/v2\/posts\/3745\/revisions\/3760"}],"wp:attachment":[{"href":"https:\/\/www.cdlpv.org\/fitxes\/wp-json\/wp\/v2\/media?parent=3745"}],"wp:term":[{"taxonomy":"category","embeddable":true,"href":"https:\/\/www.cdlpv.org\/fitxes\/wp-json\/wp\/v2\/categories?post=3745"},{"taxonomy":"post_tag","embeddable":true,"href":"https:\/\/www.cdlpv.org\/fitxes\/wp-json\/wp\/v2\/tags?post=3745"}],"curies":[{"name":"wp","href":"https:\/\/api.w.org\/{rel}","templated":true}]}}