{"id":3672,"date":"2021-01-21T20:30:26","date_gmt":"2021-01-21T18:30:26","guid":{"rendered":"https:\/\/www.cdlpv.org\/fitxes\/?p=3672"},"modified":"2021-02-03T09:51:46","modified_gmt":"2021-02-03T07:51:46","slug":"n-s-m-n","status":"publish","type":"post","link":"https:\/\/www.cdlpv.org\/fitxes\/n-s-m-n\/","title":{"rendered":"n. s. m. n."},"content":{"rendered":"<p>L&#8217;abreviaci\u00f3 <em>n. s. m. n.<\/em> apareixia en les taules que representaven coordenades en alguns documents que portaven a corregir i traduir al <em>Diari Oficial de la Generalitat Valenciana<\/em><em> (<span class=\"versaleta\">dogv<\/span>)<\/em> a mitjan d\u00e8cada dels anys noranta del segle passat. No s\u00e9 qu\u00e8 volia dir ni l&#8217;he tornada a trobar posteriorment.<\/p>\n<p>Tal com comenta \u00c0ngels Est\u00e9vez (22.01.2021), \u00e9s possible que fora una confusi\u00f3 amb \u00abm. s. n. m.\u00bb &#8216;metres sobre el nivell del mar&#8217;. Qui escrivia el document no sabia qu\u00e8 volia dir l&#8217;abreviaci\u00f3. En algun moment es degueren confondre les lletres i la rutina administrativa va fer la resta.<\/p>\n","protected":false},"excerpt":{"rendered":"<p>L&#8217;abreviaci\u00f3 n. s. m. n. apareixia en les taules que representaven coordenades en alguns documents que portaven a corregir i traduir al Diari Oficial de la Generalitat Valenciana (dogv) a mitjan d\u00e8cada dels anys noranta del segle passat. No s\u00e9 qu\u00e8 volia dir ni l&#8217;he tornada a trobar posteriorment. Tal com comenta \u00c0ngels Est\u00e9vez (22.01.2021), [&hellip;]<\/p>\n","protected":false},"author":1,"featured_media":0,"comment_status":"open","ping_status":"open","sticky":false,"template":"","format":"standard","meta":{"footnotes":""},"categories":[115],"tags":[136,53],"class_list":["post-3672","post","type-post","status-publish","format-standard","hentry","category-lletra-n","tag-abreviacions","tag-revisions"],"post_mailing_queue_ids":[],"_links":{"self":[{"href":"https:\/\/www.cdlpv.org\/fitxes\/wp-json\/wp\/v2\/posts\/3672","targetHints":{"allow":["GET"]}}],"collection":[{"href":"https:\/\/www.cdlpv.org\/fitxes\/wp-json\/wp\/v2\/posts"}],"about":[{"href":"https:\/\/www.cdlpv.org\/fitxes\/wp-json\/wp\/v2\/types\/post"}],"author":[{"embeddable":true,"href":"https:\/\/www.cdlpv.org\/fitxes\/wp-json\/wp\/v2\/users\/1"}],"replies":[{"embeddable":true,"href":"https:\/\/www.cdlpv.org\/fitxes\/wp-json\/wp\/v2\/comments?post=3672"}],"version-history":[{"count":4,"href":"https:\/\/www.cdlpv.org\/fitxes\/wp-json\/wp\/v2\/posts\/3672\/revisions"}],"predecessor-version":[{"id":3706,"href":"https:\/\/www.cdlpv.org\/fitxes\/wp-json\/wp\/v2\/posts\/3672\/revisions\/3706"}],"wp:attachment":[{"href":"https:\/\/www.cdlpv.org\/fitxes\/wp-json\/wp\/v2\/media?parent=3672"}],"wp:term":[{"taxonomy":"category","embeddable":true,"href":"https:\/\/www.cdlpv.org\/fitxes\/wp-json\/wp\/v2\/categories?post=3672"},{"taxonomy":"post_tag","embeddable":true,"href":"https:\/\/www.cdlpv.org\/fitxes\/wp-json\/wp\/v2\/tags?post=3672"}],"curies":[{"name":"wp","href":"https:\/\/api.w.org\/{rel}","templated":true}]}}