{"id":3660,"date":"2021-01-20T20:30:57","date_gmt":"2021-01-20T18:30:57","guid":{"rendered":"https:\/\/www.cdlpv.org\/fitxes\/?p=3660"},"modified":"2024-10-08T10:34:58","modified_gmt":"2024-10-08T08:34:58","slug":"panerot","status":"publish","type":"post","link":"https:\/\/www.cdlpv.org\/fitxes\/panerot\/","title":{"rendered":"panerot"},"content":{"rendered":"<figure id=\"attachment_3669\" aria-describedby=\"caption-attachment-3669\" style=\"width: 279px\" class=\"wp-caption alignleft\"><a href=\"https:\/\/www.cdlpv.org\/fitxes\/wp-content\/uploads\/2021\/01\/Panerot.png\"><img loading=\"lazy\" decoding=\"async\" class=\" wp-image-3669\" src=\"https:\/\/www.cdlpv.org\/fitxes\/wp-content\/uploads\/2021\/01\/Panerot.png\" alt=\"\" width=\"279\" height=\"371\" \/><\/a><figcaption id=\"caption-attachment-3669\" class=\"wp-caption-text\"><span style=\"font-size: 10pt;\">Un panerot de v\u00edmet.<\/span><\/figcaption><\/figure>\n<p>El <abbr class=\"abbrevk\" title=\"Diccionari normatiu valenci\u00e0\"><span class=\"versaleta\"><em>dnv<\/em><\/span><\/abbr> no li dona eixa accepci\u00f3 a <em>panerot<\/em> (consulta: <a href=\"http:\/\/www.avl.gva.es\/lexicval\/?paraula=panerot\" target=\"_blank\" rel=\"noopener\">19.01.2021<\/a>; els he proposat que la incloguen),* per\u00f2 s\u00ed que la recull Joan Giner (<em>El parlar de la Safor; <\/em>consulta: <a href=\"http:\/\/rua.ua.es\/dspace\/handle\/10045\/58969\" target=\"_blank\" rel=\"noopener\">19.01.2021<\/a>):<\/p>\n<blockquote><p><strong>panerot <\/strong><em>m. <\/em>[&#8230;] <strong>2.<\/strong> <em>Mecedora de panerot<\/em> (Tav) o <em>panerot<\/em> (Mi), esp\u00e8cie de balanc\u00ed o de seient volumin\u00f3s fet de v\u00edmet.<\/p><\/blockquote>\n<div class=\"su-note small\"  style=\"border-color:#90bfa5;border-radius:3px;-moz-border-radius:3px;-webkit-border-radius:3px;\"><div class=\"su-note-inner su-u-clearfix su-u-trim\" style=\"background-color:#aad9bf;border-color:#ffffff;color:#333333;border-radius:3px;-moz-border-radius:3px;-webkit-border-radius:3px;\"> <strong>* Nota <em><span class=\"versaleta\">fdt<\/span><\/em>.<\/strong> Arran del comentari de Cristian Luna comprove (consulta: 08.10.2024) que el <em><span class=\"versaleta\">dnv<\/span><\/em> ha incorporat esta accepci\u00f3 (no indiquen quan ho van fer).<\/div><\/div>\n<p>En eixa accepci\u00f3 de &#8216;butaca de v\u00edmet&#8217; <em>panerot<\/em> tamb\u00e9 \u00e9s usual a l&#8217;Alc\u00fadia (informaci\u00f3 de Rosanna Pasqual; 19.01.2021) i Carcaixent. Juli Jord\u00e0 (comentari del 09.02.2021) informa que \u00abEls Panerots\u00bb era el nom d&#8217;un \u00abcasino\u00bb d\u2019Albalat de la Ribera: \u00abI es deia aixina perqu\u00e8 segons que diuen hi havien panerots, \u00f2bviament. Tamb\u00e9 va tindre altres noms com l\u2019Alter\u00f3 (perqu\u00e8 estava en alt) i l\u2019Autonomiste\u00bb (vegeu tamb\u00e9 <em>Mem\u00f2ria gr\u00e0fica d&#8217;un passat recent<\/em>, 2010; consulta: <a href=\"https:\/\/www.yumpu.com\/es\/document\/read\/13426773\/albalat-int-xindd-albalat-de-la-ribera\" target=\"_blank\" rel=\"noopener\">10.02.2021<\/a>).<\/p>\n<p>A Tavernes de la Valldigna eixa butaca tamb\u00e9 \u00e9s <em>panerot<\/em>, segons la informaci\u00f3 que recopila <span class=\"versaleta\"><em>reig-evds<\/em><\/span> (2015; consulta: 19.01.2021). Podem trobar documentada esta accepci\u00f3 tamb\u00e9 en:<\/p>\n<ul>\n<li>Alfonso Rovira (1993-2008): \u00abEstampas y recuerdos de Alzira (55). La cooperativa la agr\u00edcola de Alzira ya es centenaria\u00bb (consulta: <a href=\"http:\/\/elseisdoble.mobile.blogia.com\/2008\/112305-estampas-y-recuerdos-de-alzira-55-.-la-cooperativa-la-agricola-de-alzira-ya-es-c.php\" target=\"_blank\" rel=\"noopener\">19.01.2021<\/a>):<br \/>\n<blockquote><p>Recordemos aquella casa habit\u00e1culo de la cooperativa, en aquel rinc\u00f3n de la placeta donde el recordado con\u00adtratista Olegario Esteve serv\u00eda a los agricultores que comentaban los trabajos que hab\u00edan realizado a lo largo del d\u00eda, sentado reposando en los c\u00f3modos <strong>\u00abpanerots\u00bb<\/strong> de mimbre amarillento y, sobre todo, recordemos tambi\u00e9n a alguien que dio un gran empuje a la cooperativa, como fue el presidente recientemente fallecido, Antonio Costa Ull.<\/p><\/blockquote>\n<\/li>\n<li>J. Rafael Bernabeu Galbis (Ontinyent, 2011): \u00abLa vara de alcalde: un conflicto de fiestas de inicio del s. XX\u00bb (consulta: <a href=\"https:\/\/issuu.com\/societatdefesters\/docs\/llibre_festes_2011\" target=\"_blank\" rel=\"noopener\">19.01.2021<\/a>):<br \/>\n<blockquote><p>En dicho lugar, muy acogedor, sin molestar el poco tr\u00e1nsito que en aquellas fechas se produc\u00eda, ofrec\u00eda una especie de terraza que durante el verano era ocupada por los socios de dicho establecimiento en c\u00f3modos sillones de mimbre, conocidos por la gente con el nombre de <strong>\u00abpanerots\u00bb<\/strong>.<\/p><\/blockquote>\n<\/li>\n<\/ul>\n<p>El company Vicent Sanchis Mart\u00ednez (03.03.2021) aporta un poc m\u00e9s de documentaci\u00f3:<\/p>\n<blockquote><p>Ac\u00ed, a Rafelguaraf, i per la rodalia, supose, tamb\u00e9 \u00e9s d&#8217;\u00fas. Jo l&#8217;he utilitzat almenys en dos novel\u00b7les. En <em>Aventura al desert<\/em> (ara <em>Aventura a Tun\u00edsia<\/em>) <a href=\"http:\/\/vicentsanchis55.blogspot.com\/2012\/11\/\" target=\"_blank\" rel=\"noopener\"><i class=\"fas fa-external-link-alt\"><\/i><\/a> en el cap\u00edtol 4, al final del primer par\u00e0graf; i en <em>Terra de frontera<\/em>, <a href=\"http:\/\/vicentsanchis55.blogspot.com\/p\/ressenyes.html\" target=\"_blank\" rel=\"noopener\"><i class=\"fas fa-external-link-alt\"><\/i><\/a> en el cap\u00edtol 2, al final del segon par\u00e0graf.<\/p><\/blockquote>\n","protected":false},"excerpt":{"rendered":"<p>El dnv no li dona eixa accepci\u00f3 a panerot (consulta: 19.01.2021; els he proposat que la incloguen),* per\u00f2 s\u00ed que la recull Joan Giner (El parlar de la Safor; consulta: 19.01.2021): panerot m. [&#8230;] 2. Mecedora de panerot (Tav) o panerot (Mi), esp\u00e8cie de balanc\u00ed o de seient volumin\u00f3s fet de v\u00edmet. En eixa accepci\u00f3 [&hellip;]<\/p>\n","protected":false},"author":1,"featured_media":0,"comment_status":"open","ping_status":"open","sticky":false,"template":"","format":"standard","meta":{"footnotes":""},"categories":[50],"tags":[17,91],"class_list":["post-3660","post","type-post","status-publish","format-standard","hentry","category-lletra-p","tag-lexic","tag-substantius"],"post_mailing_queue_ids":[],"_links":{"self":[{"href":"https:\/\/www.cdlpv.org\/fitxes\/wp-json\/wp\/v2\/posts\/3660","targetHints":{"allow":["GET"]}}],"collection":[{"href":"https:\/\/www.cdlpv.org\/fitxes\/wp-json\/wp\/v2\/posts"}],"about":[{"href":"https:\/\/www.cdlpv.org\/fitxes\/wp-json\/wp\/v2\/types\/post"}],"author":[{"embeddable":true,"href":"https:\/\/www.cdlpv.org\/fitxes\/wp-json\/wp\/v2\/users\/1"}],"replies":[{"embeddable":true,"href":"https:\/\/www.cdlpv.org\/fitxes\/wp-json\/wp\/v2\/comments?post=3660"}],"version-history":[{"count":18,"href":"https:\/\/www.cdlpv.org\/fitxes\/wp-json\/wp\/v2\/posts\/3660\/revisions"}],"predecessor-version":[{"id":7086,"href":"https:\/\/www.cdlpv.org\/fitxes\/wp-json\/wp\/v2\/posts\/3660\/revisions\/7086"}],"wp:attachment":[{"href":"https:\/\/www.cdlpv.org\/fitxes\/wp-json\/wp\/v2\/media?parent=3660"}],"wp:term":[{"taxonomy":"category","embeddable":true,"href":"https:\/\/www.cdlpv.org\/fitxes\/wp-json\/wp\/v2\/categories?post=3660"},{"taxonomy":"post_tag","embeddable":true,"href":"https:\/\/www.cdlpv.org\/fitxes\/wp-json\/wp\/v2\/tags?post=3660"}],"curies":[{"name":"wp","href":"https:\/\/api.w.org\/{rel}","templated":true}]}}