{"id":3651,"date":"2021-01-19T20:30:39","date_gmt":"2021-01-19T18:30:39","guid":{"rendered":"https:\/\/www.cdlpv.org\/fitxes\/?p=3651"},"modified":"2021-02-10T14:25:36","modified_gmt":"2021-02-10T12:25:36","slug":"rinquet","status":"publish","type":"post","link":"https:\/\/www.cdlpv.org\/fitxes\/rinquet\/","title":{"rendered":"rinquet"},"content":{"rendered":"<figure id=\"attachment_3711\" aria-describedby=\"caption-attachment-3711\" style=\"width: 300px\" class=\"wp-caption alignleft\"><a href=\"https:\/\/www.cdlpv.org\/fitxes\/wp-content\/uploads\/2021\/02\/Rinquet.png\"><img loading=\"lazy\" decoding=\"async\" class=\"size-medium wp-image-3711\" src=\"https:\/\/www.cdlpv.org\/fitxes\/wp-content\/uploads\/2021\/02\/Rinquet-300x204.png\" alt=\"\" width=\"300\" height=\"204\" srcset=\"https:\/\/www.cdlpv.org\/fitxes\/wp-content\/uploads\/2021\/02\/Rinquet-300x204.png 300w, https:\/\/www.cdlpv.org\/fitxes\/wp-content\/uploads\/2021\/02\/Rinquet.png 576w\" sizes=\"auto, (max-width: 300px) 100vw, 300px\" \/><\/a><figcaption id=\"caption-attachment-3711\" class=\"wp-caption-text\">Els rinquets d&#8217;un camp de cacau en Alaqu\u00e0s. Foto de l&#8217;article \u00abCultiu de cacau. Recol\u00b7lecci\u00f3 i aventat\u00bb de Ram\u00f3n Tar\u00edn i L\u00f3pez (1997).<\/figcaption><\/figure>\n<p>A l&#8217;Alc\u00fadia (Ribera Alta), <em>rinquet<\/em> \u00e9s l&#8217;equivalent de l&#8217;accepci\u00f3 5 de <em>reng<\/em> que apareix en el <span class=\"versaleta\"><em>dcvb<\/em><\/span> (consulta: <a href=\"https:\/\/dcvb.iec.cat\/results.asp?Word=reng&amp;Id=122622&amp;search=reng\" target=\"_blank\" rel=\"noopener\">19.01.2021<\/a>):<\/p>\n<blockquote><p><strong>reng<\/strong> <em>m.<\/em> [&#8230;]\n<strong>5. <\/strong>Faixa o tira d&#8217;herba o de cereal que el dallaire talla i que roman estesa a terra (Massalcoreig, Gandesa).<\/p><\/blockquote>\n<p>A l&#8217;Alc\u00fadia, segons l&#8217;informant (Enrique Pascual, naixcut en 1934; informaci\u00f3 de Rosanna Pasqual; consulta: 19.01.2021) s&#8217;aplicava al cultiu del cacau (i a la sega de l&#8217;herba). Era la <a href=\"http:\/\/www.avl.gva.es\/lexicval\/?paraula=ringlera\" target=\"_blank\" rel=\"noopener\">ringlera<\/a> que es formava al costat dels solcs amb les mates de cacau arrancades (o les mates d&#8217;herba). Quan el sol havia eixugat un poc les mates, anaven les dones a fer la faena d&#8217;espolsar-les (contra les barretes de les cadires de bova tombades).<\/p>\n<p>L&#8217;article \u00abCultiu de cacau. Recol\u00b7lecci\u00f3 i aventat\u00bb de Ram\u00f3n Tar\u00edn i L\u00f3pez (1997; consulta: <a href=\"https:\/\/quaderns.alaquas.org\/documento.asp?id_do=258&amp;t=%AB21.+Cultiu+de+cacau.+Recol%B7lecci%F3+i+aventat%BB.&amp;i=2&amp;id_do=258&amp;t=%AB21.+Cultiu+de+cacau.+Recol%B7lecci%F3+i+aventat%BB.&amp;i=2\" target=\"_blank\" rel=\"noopener\">19.01.2021<\/a>) recrea eixa activitat en Alaqu\u00e0s. En la revista <em>M\u00e8tode<\/em> podem llegir tamb\u00e9 l&#8217;article \u00abEl cacau valenci\u00e0\u00bb de Josep Rosell\u00f3 Oltra (10.06.2013; consulta: <a href=\"https:\/\/metode.cat\/revistes-metode\/seccions\/lhort-de-rosello\/cacau-valencia.html\" target=\"_blank\" rel=\"noopener\">19.01.2021<\/a>).<\/p>\n","protected":false},"excerpt":{"rendered":"<p>A l&#8217;Alc\u00fadia (Ribera Alta), rinquet \u00e9s l&#8217;equivalent de l&#8217;accepci\u00f3 5 de reng que apareix en el dcvb (consulta: 19.01.2021): reng m. [&#8230;] 5. Faixa o tira d&#8217;herba o de cereal que el dallaire talla i que roman estesa a terra (Massalcoreig, Gandesa). A l&#8217;Alc\u00fadia, segons l&#8217;informant (Enrique Pascual, naixcut en 1934; informaci\u00f3 de Rosanna Pasqual; [&hellip;]<\/p>\n","protected":false},"author":1,"featured_media":0,"comment_status":"open","ping_status":"open","sticky":false,"template":"","format":"standard","meta":{"footnotes":""},"categories":[44],"tags":[123,17,91],"class_list":["post-3651","post","type-post","status-publish","format-standard","hentry","category-lletra-r","tag-agricultura","tag-lexic","tag-substantius"],"post_mailing_queue_ids":[],"_links":{"self":[{"href":"https:\/\/www.cdlpv.org\/fitxes\/wp-json\/wp\/v2\/posts\/3651","targetHints":{"allow":["GET"]}}],"collection":[{"href":"https:\/\/www.cdlpv.org\/fitxes\/wp-json\/wp\/v2\/posts"}],"about":[{"href":"https:\/\/www.cdlpv.org\/fitxes\/wp-json\/wp\/v2\/types\/post"}],"author":[{"embeddable":true,"href":"https:\/\/www.cdlpv.org\/fitxes\/wp-json\/wp\/v2\/users\/1"}],"replies":[{"embeddable":true,"href":"https:\/\/www.cdlpv.org\/fitxes\/wp-json\/wp\/v2\/comments?post=3651"}],"version-history":[{"count":11,"href":"https:\/\/www.cdlpv.org\/fitxes\/wp-json\/wp\/v2\/posts\/3651\/revisions"}],"predecessor-version":[{"id":3713,"href":"https:\/\/www.cdlpv.org\/fitxes\/wp-json\/wp\/v2\/posts\/3651\/revisions\/3713"}],"wp:attachment":[{"href":"https:\/\/www.cdlpv.org\/fitxes\/wp-json\/wp\/v2\/media?parent=3651"}],"wp:term":[{"taxonomy":"category","embeddable":true,"href":"https:\/\/www.cdlpv.org\/fitxes\/wp-json\/wp\/v2\/categories?post=3651"},{"taxonomy":"post_tag","embeddable":true,"href":"https:\/\/www.cdlpv.org\/fitxes\/wp-json\/wp\/v2\/tags?post=3651"}],"curies":[{"name":"wp","href":"https:\/\/api.w.org\/{rel}","templated":true}]}}