{"id":3611,"date":"2021-01-18T20:30:11","date_gmt":"2021-01-18T18:30:11","guid":{"rendered":"https:\/\/www.cdlpv.org\/fitxes\/?p=3611"},"modified":"2021-02-10T19:22:19","modified_gmt":"2021-02-10T17:22:19","slug":"petot","status":"publish","type":"post","link":"https:\/\/www.cdlpv.org\/fitxes\/petot\/","title":{"rendered":"petot -ta"},"content":{"rendered":"<p>En una entrevista a l&#8217;actriu Maria Juan publicada en la publicaci\u00f3 <em>Nosaltres La Veu<\/em> (03.01.2021; consulta: <a href=\"https:\/\/www.nosaltreslaveu.cat\/entrevista\/42216\/maria-juan-despres-vint-anys-maltractament-sumar-normalitzar-llengua?id_butlleti_enviar=608&amp;utm_source=butlleti_article&amp;utm_medium=butlleti&amp;utm_campaign=maria-juan-despres-vint-anys-maltractament-sumar-normalitzar-llengua\" target=\"_blank\" rel=\"noopener\">08.01.2021<\/a>), en una de les respostes de l&#8217;actriu apareix la paraula <em>patota<\/em> en una accepci\u00f3 que no arrepleguen els diccionaris:<\/p>\n<blockquote><p>Soc una afortunada, perqu\u00e8 fa molts anys quan jo era una <strong>patota<\/strong> vaig dir que treballaria en valenci\u00e0 sense donar m\u00e9s explicacions.<\/p><\/blockquote>\n<p>Per correu electr\u00f2nic l&#8217;actriu em comunica (15.01.2021) que va dir <em>petota<\/em>. Supose que el corrector ortogr\u00e0fic degu\u00e9 fer la resta, perqu\u00e8 en els diccionaris generals no apareix encara l&#8217;adjectiu <em>petot -ta <\/em>que equival a l&#8217;accepci\u00f3 tercera de <em>xicotet -ta<\/em> (<em><span class=\"versaleta\">dnv<\/span>;<\/em> consulta: <a href=\"http:\/\/www.avl.gva.es\/lexicval\/?paraula=xicotet\" target=\"_blank\" rel=\"noopener\">15.01.2021<\/a>):<\/p>\n<blockquote><p><strong>xicotet -ta<br \/>\n<\/strong>[&#8230;]\n<strong>3.<\/strong> <em>adj.<\/em> Que t\u00e9 menys edat que un altre o altres amb els quals se&#8217;l compara. <em>El meu fill xicotet \u00e9s molt actiu.<\/em><\/p><\/blockquote>\n<p>Eugeni Reig en <em>El valenci\u00e0 de sempre<\/em> (2015) comenta variants i exemples de <em>petot<\/em> <em>-ta<\/em>: <em>pototet, petell\u00f3, petirr\u00f3, petorr\u00ed, petarrell&#8230;<\/em><\/p>\n","protected":false},"excerpt":{"rendered":"<p>En una entrevista a l&#8217;actriu Maria Juan publicada en la publicaci\u00f3 Nosaltres La Veu (03.01.2021; consulta: 08.01.2021), en una de les respostes de l&#8217;actriu apareix la paraula patota en una accepci\u00f3 que no arrepleguen els diccionaris: Soc una afortunada, perqu\u00e8 fa molts anys quan jo era una patota vaig dir que treballaria en valenci\u00e0 sense [&hellip;]<\/p>\n","protected":false},"author":1,"featured_media":0,"comment_status":"open","ping_status":"open","sticky":false,"template":"","format":"standard","meta":{"footnotes":""},"categories":[50],"tags":[49,17,91],"class_list":["post-3611","post","type-post","status-publish","format-standard","hentry","category-lletra-p","tag-adjectius","tag-lexic","tag-substantius"],"post_mailing_queue_ids":[],"_links":{"self":[{"href":"https:\/\/www.cdlpv.org\/fitxes\/wp-json\/wp\/v2\/posts\/3611","targetHints":{"allow":["GET"]}}],"collection":[{"href":"https:\/\/www.cdlpv.org\/fitxes\/wp-json\/wp\/v2\/posts"}],"about":[{"href":"https:\/\/www.cdlpv.org\/fitxes\/wp-json\/wp\/v2\/types\/post"}],"author":[{"embeddable":true,"href":"https:\/\/www.cdlpv.org\/fitxes\/wp-json\/wp\/v2\/users\/1"}],"replies":[{"embeddable":true,"href":"https:\/\/www.cdlpv.org\/fitxes\/wp-json\/wp\/v2\/comments?post=3611"}],"version-history":[{"count":6,"href":"https:\/\/www.cdlpv.org\/fitxes\/wp-json\/wp\/v2\/posts\/3611\/revisions"}],"predecessor-version":[{"id":3650,"href":"https:\/\/www.cdlpv.org\/fitxes\/wp-json\/wp\/v2\/posts\/3611\/revisions\/3650"}],"wp:attachment":[{"href":"https:\/\/www.cdlpv.org\/fitxes\/wp-json\/wp\/v2\/media?parent=3611"}],"wp:term":[{"taxonomy":"category","embeddable":true,"href":"https:\/\/www.cdlpv.org\/fitxes\/wp-json\/wp\/v2\/categories?post=3611"},{"taxonomy":"post_tag","embeddable":true,"href":"https:\/\/www.cdlpv.org\/fitxes\/wp-json\/wp\/v2\/tags?post=3611"}],"curies":[{"name":"wp","href":"https:\/\/api.w.org\/{rel}","templated":true}]}}