{"id":3568,"date":"2020-12-23T20:30:46","date_gmt":"2020-12-23T18:30:46","guid":{"rendered":"https:\/\/www.cdlpv.org\/fitxes\/?p=3568"},"modified":"2021-10-07T18:28:35","modified_gmt":"2021-10-07T16:28:35","slug":"aixina","status":"publish","type":"post","link":"https:\/\/www.cdlpv.org\/fitxes\/aixina\/","title":{"rendered":"aixina"},"content":{"rendered":"<p>El <span class=\"versaleta\"><em>dnv<\/em><\/span> va incloure l&#8217;adverbi <em>aixina <\/em>(consulta: <a href=\"http:\/\/www.avl.gva.es\/lexicval\/?paraula=aixina\" target=\"_blank\" rel=\"noopener\">22.12.2020<\/a>):<\/p>\n<blockquote>\n<div class=\"descripcio\"><span class=\"exemples cursiva\"><em>adv. [col\u00b7loq.]<\/em> Aix\u00ed. <em>Les coses no es fan aixina.<\/em><\/span><\/div>\n<\/blockquote>\n<p>La qualificaci\u00f3 \u00abcol\u00b7loquial\u00bb no exclou que no puga ser utilitzada en els registres formals, ja que els registres s\u00f3n varietats variables de l&#8217;\u00fas social de la llengua. Com a mostra d&#8217;\u00fas en registres formals, el president de la Generalitat valenciana Ximo Puig va utilitzar esta variant en la compareixen\u00e7a televisiva que va fer en \u00c0 Punt (17.12.2020) per a informar els ciutadans sobre les noves mesures contra el c\u00f2vid. Per tant, al Pa\u00eds Valenci\u00e0, seria d&#8217;\u00fas general, tal com ja apuntava Nebot i P\u00e9rez (<a href=\"https:\/\/books.google.es\/books?id=VBcMAQAAIAAJ&amp;pg=PA113&amp;dq=aixina&amp;hl=ca&amp;sa=X&amp;ved=2ahUKEwib8o6iveHtAhURoRQKHaRoC6UQ6AEwB3oECAcQAg#v=onepage&amp;q=aixina&amp;f=false\" target=\"_blank\" rel=\"noopener\">1894<\/a>).<\/p>\n<p>Este adverbi t\u00e9 diverses variants. El <span class=\"versaleta\"><em>dcvb<\/em><\/span> em va fer un recull, i podem vore (consulta: <a href=\"https:\/\/dcvb.iec.cat\/results.asp?Word=aix%ED&amp;Id=6242&amp;search=aix%ED\" target=\"_blank\" rel=\"noopener\">22.12.2020<\/a>) que la variant <em>aixina<\/em> t\u00e9 una extensi\u00f3 que permet considerar-la pr\u00f2pia de la llengua comuna:<\/p>\n<blockquote><p>4. <b>Aixina <\/b>(recollida al Llu\u00e7an\u00e8s, Ponts, Massalcoreig, Reus, Pen\u00edscola, Morella, Benassal, Forcall, Plana de Castell\u00f3, Onda, Val., Gandia, St. Llu\u00eds de Men., Eiv., Formentera). <span class=\"estreta\">Y a sos peus agenollant-me, | aixina li vaig pregar, <\/span>Llorente Versos, <span class=\"versaleta\">ii, <\/span>126. \u00abM\u00e9s m&#8217;estim veure&#8217;m aixina, | no desconfiant de D\u00e9u, | que no posseir riqueses | si han d&#8217;esser contra gust meu\u00bb (can\u00e7\u00f3 pop., Eiv.).<\/p><\/blockquote>\n<p>En un registre formal escrit, la producci\u00f3 escrita valenciana es pot remuntar al <em>Diccionario valenciano-castellano<\/em> de Carles Ros Hebrera (1764; consulta: <a href=\"https:\/\/books.google.es\/books?id=NlYh-ZsSF-4C&amp;pg=PA11-IA1&amp;dq=aixina&amp;hl=ca&amp;sa=X&amp;ved=2ahUKEwilu_vJxeHtAhXdCWMBHVMIDqk4ggEQ6AEwAXoECAAQAg#v=onepage&amp;q=aixina&amp;f=false\" target=\"_blank\" rel=\"noopener\">22.12.2020<\/a>):<\/p>\n<blockquote><p><em>aix\u00ec, <strong>aix\u00ecna<\/strong><\/em><strong>,<\/strong> a\u017fsi : <em>Adverbio<\/em> de tiempo, y su inmediacion : como quando se dize: a\u017fsi que lleg\u00f2 Pedro : <em>aix\u00ec que apleg\u00e0 P\u00e8re.<\/em><\/p><\/blockquote>\n<p>M\u00e9s tard, tenim la intervenci\u00f3 \u00abUllada general sobre la morfologia catalana\u00bb de Llu\u00eds Fullana Mira en el Primer Congr\u00e9s Internacional de la Llengua Catalana (1906; consulta: <a href=\"https:\/\/archive.org\/details\/primercongrsin00conguoft\/page\/250\/mode\/2up?q=aixina\" target=\"_blank\" rel=\"noopener\">22.12.2020<\/a>):<\/p>\n<blockquote><p>Mes com la pronunciaci\u00f3 es present\u00e0 <strong>aixina<\/strong> del tot dif\u00edcil, s&#8217;aplic\u00e0 la lley d&#8217;<em>eufonia,<\/em> y palatisantse la combinaci\u00f3 <em>cl,<\/em> result\u00e0, <em>pell,<\/em> altre fenomen morfol\u00f2gich tamb\u00e9 molt freq\u00fcent en la nostra llengua.<\/p><\/blockquote>\n<p>Apareix la forma <em>aixina <\/em>tamb\u00e9 en registre formal escrit en el llibre <em>Raf\u00e8l Mart\u00ed de Viciana<\/em> de Joan Rodr\u00edguez Condesa (1911; consulta: <a href=\"https:\/\/bivaldi.gva.es\/catalogo_imagenes\/grupo.cmd?path=1001063\" target=\"_blank\" rel=\"noopener\">22.12.2020<\/a>), autor que tamb\u00e9 utilitza la variant <em>aix\u00eds:<\/em><\/p>\n<blockquote><p>Aix\u00eds ho asseg\u00fara Ximeno (\u00f2bra y ll\u00f2ch sit\u00e1ts) y <strong>aixina<\/strong> resulta de la inscripsi\u00f3 del retrato. Facs. I.<\/p><\/blockquote>\n<p>Tamb\u00e9 podem trobar <em>aixina<\/em> en el recull que elabor\u00e0 Joan Rafael Ramos Alfajar\u00edn per al llibre <em>La q\u00fcesti\u00f3 ling\u00fc\u00edstica en la premsa de Castell\u00f3 de la Plana (1834-1938)<\/em> (consulta: <a href=\"https:\/\/books.google.es\/books?id=JMwQnaWGKXUC&amp;q=aixina&amp;dq=aixina&amp;hl=ca&amp;sa=X&amp;ved=2ahUKEwijiqTkwOHtAhUE8xQKHXwgA604UBDoATAIegQICBAC\" target=\"_blank\" rel=\"noopener\">22.12.2020<\/a>), o en les obres de Francesc Mart\u00ednez i Mart\u00ednez (com ara en <em>Arreplega de llegendes, tradicions y costums del Reine de<\/em> Valencia, 1927; consulta: <a href=\"https:\/\/books.google.es\/books?id=ILrjAAAAMAAJ&amp;printsec=frontcover&amp;dq=aixina&amp;hl=ca&amp;sa=X&amp;ved=2ahUKEwjWtqajzeHtAhUMohQKHZEtB644lgEQ6AEwBHoECAAQAg#v=onepage&amp;q=aixina&amp;f=false\" target=\"_blank\" rel=\"noopener\">22.12.2020<\/a>):<\/p>\n<blockquote><p>Dificil\u00edssima\u00a0 y dem\u00e9s pesada es la tasca del folkloriste, al que l&#8217;afici\u00f3 &#8216;l p\u00f2rta &#8216;l recull y estudi de lo popular, tant les costums en sa variad\u00edssima gama, com les llegendes de distints asp\u00e8ctes, <strong>aixina<\/strong> com els cuentos [&#8230;].<\/p><\/blockquote>\n<p>La vitalitat liter\u00e0ria de l&#8217;adverbi est\u00e0 ben documentada, sobretot en la llengua general i en el registre col\u00b7loquial reprodu\u00efts per les obres de teatre. De fet, tamb\u00e9 indiquen el valor general de la variant <em>aixina<\/em> Beltran Calvo i Segura-Llopes (consulta: <a href=\"https:\/\/books.google.es\/books?id=tFSkDwAAQBAJ&amp;printsec=frontcover&amp;dq=aixina&amp;hl=ca&amp;sa=X&amp;ved=2ahUKEwjWtqajzeHtAhUMohQKHZEtB644lgEQ6AEwCXoECAkQAg#v=onepage&amp;q=aixina&amp;f=false\" target=\"_blank\" rel=\"noopener\">22.12.2020<\/a>) en <em>Els parlars valencians:<\/em><\/p>\n<blockquote><p><em>Aixina<\/em> &#8216;aix\u00ed&#8217; \u00e9s general (al Baix Maestrat tamb\u00e9 <em>aixines<\/em>).<\/p><\/blockquote>\n<p>En eixe sentit, caldria revisar i posar al dia la proposta d&#8217;\u00fas que fa Josep Lacreu Cuesta en el <em>Manual d&#8217;\u00fas de l&#8217;est\u00e0ndard oral<\/em> (mantinguda encara en l&#8217;edici\u00f3 del 2017; consulta: <a href=\"https:\/\/books.google.es\/books?id=RwIFEAAAQBAJ&amp;printsec=frontcover&amp;dq=aixina&amp;hl=ca&amp;sa=X&amp;ved=2ahUKEwjz1428z-HtAhULohQKHXolBa04oAEQ6AEwCXoECAUQAg#v=onepage&amp;q=aixina&amp;f=false\" target=\"_blank\" rel=\"noopener\">22.12.2020<\/a>):<\/p>\n<blockquote><p>L&#8217;adverbi <em>aix\u00ed<\/em> \u00e9s substitu\u00eft habitualment en valenci\u00e0 per la variant <em>aixina<\/em>. Aquesta forma, per\u00f2, t\u00e9 una escassa tradici\u00f3 liter\u00e0ria i conv\u00e9 restringir-ne l&#8217;\u00fas, en tot cas, a nivell poc formals. Cal evitar, encara m\u00e9s, altres variants com ara <em>aix\u00eds, aixins<\/em> o <em>aixines,<\/em> habituals d&#8217;altres zones del domini ling\u00fc\u00edstic.<\/p><\/blockquote>\n<p>Eixa proposta \u00e9s ara massa restrictiva, vista la const\u00e0ncia documental en l&#8217;\u00fas escrit i oral general de la forma <em>aixina \u2014<\/em>certificada pel mateix Josep Lacreu; per cert, l&#8217;autor matisa un poc eixa visi\u00f3 restrictiva en \u00abLes paradoxes de la co\u0140loquialitat\u00bb (08.06.2018; consulta: <a href=\"https:\/\/red.levante-emv.com\/joseplacreu\/2018\/06\/08\/les-paradoxes-de-la-colloquialitat\/\" target=\"_blank\" rel=\"noopener\">23.12.2020<\/a>)<em>\u2014<\/em> i la inclusi\u00f3 en el diccionari normatiu, fets que haurien de convidar les propostes estil\u00edstiques generals a considerar este adverbi una opci\u00f3 possible i normal del discurs general i tamb\u00e9 dels registres formals.<\/p>\n<hr \/>\n<p><strong>Sobre la variant <em>aixines<\/em><\/strong><\/p>\n<p>El diputat Aldolf Sanmart\u00edn Besalduch (de Vinar\u00f2s) utilitza la variant \u00abaixines\u00bb (ho documente al novembre del 2003) en les seues intervencions en les Corts Valencianes. Segons informaci\u00f3\u00a0 de Josep F. M. (Castell\u00f3 de la Plana): \u00abLi ho he preguntat a un amic de la Jana (Baix Maestrat). M&#8217;ha contestat que per all\u00e0 (Traiguera, Sant Jordi, Canet lo Roig&#8230;) diuen \u201caixina\u201d, \u201caixins\u201d i \u201caixines\u201d per aquest ordre de freq\u00fc\u00e8ncia\u00bb. El <span class=\"versaleta\"><em>dcvb<\/em><\/span> recull <i>aixines<\/i> a: Llu\u00e7an\u00e8s, Pened\u00e8s, Solsona, Tremp, Massalcoreig, Manacor, Art\u00e0, Men.<\/p>\n","protected":false},"excerpt":{"rendered":"<p>El dnv va incloure l&#8217;adverbi aixina (consulta: 22.12.2020): adv. [col\u00b7loq.] Aix\u00ed. Les coses no es fan aixina. La qualificaci\u00f3 \u00abcol\u00b7loquial\u00bb no exclou que no puga ser utilitzada en els registres formals, ja que els registres s\u00f3n varietats variables de l&#8217;\u00fas social de la llengua. Com a mostra d&#8217;\u00fas en registres formals, el president de la [&hellip;]<\/p>\n","protected":false},"author":1,"featured_media":0,"comment_status":"open","ping_status":"open","sticky":false,"template":"","format":"standard","meta":{"footnotes":""},"categories":[18],"tags":[153,140,17],"class_list":["post-3568","post","type-post","status-publish","format-standard","hentry","category-lletra-a","tag-adverbis","tag-dialectes","tag-lexic"],"post_mailing_queue_ids":[],"_links":{"self":[{"href":"https:\/\/www.cdlpv.org\/fitxes\/wp-json\/wp\/v2\/posts\/3568","targetHints":{"allow":["GET"]}}],"collection":[{"href":"https:\/\/www.cdlpv.org\/fitxes\/wp-json\/wp\/v2\/posts"}],"about":[{"href":"https:\/\/www.cdlpv.org\/fitxes\/wp-json\/wp\/v2\/types\/post"}],"author":[{"embeddable":true,"href":"https:\/\/www.cdlpv.org\/fitxes\/wp-json\/wp\/v2\/users\/1"}],"replies":[{"embeddable":true,"href":"https:\/\/www.cdlpv.org\/fitxes\/wp-json\/wp\/v2\/comments?post=3568"}],"version-history":[{"count":20,"href":"https:\/\/www.cdlpv.org\/fitxes\/wp-json\/wp\/v2\/posts\/3568\/revisions"}],"predecessor-version":[{"id":4310,"href":"https:\/\/www.cdlpv.org\/fitxes\/wp-json\/wp\/v2\/posts\/3568\/revisions\/4310"}],"wp:attachment":[{"href":"https:\/\/www.cdlpv.org\/fitxes\/wp-json\/wp\/v2\/media?parent=3568"}],"wp:term":[{"taxonomy":"category","embeddable":true,"href":"https:\/\/www.cdlpv.org\/fitxes\/wp-json\/wp\/v2\/categories?post=3568"},{"taxonomy":"post_tag","embeddable":true,"href":"https:\/\/www.cdlpv.org\/fitxes\/wp-json\/wp\/v2\/tags?post=3568"}],"curies":[{"name":"wp","href":"https:\/\/api.w.org\/{rel}","templated":true}]}}