{"id":3527,"date":"2020-12-07T20:30:49","date_gmt":"2020-12-07T18:30:49","guid":{"rendered":"https:\/\/www.cdlpv.org\/fitxes\/?p=3527"},"modified":"2020-12-15T12:38:02","modified_gmt":"2020-12-15T10:38:02","slug":"document-dabast","status":"publish","type":"post","link":"https:\/\/www.cdlpv.org\/fitxes\/document-dabast\/","title":{"rendered":"document d&#8217;abast"},"content":{"rendered":"<p>La Llei 21\/2013, estatal, d&#8217;avaluaci\u00f3 ambiental definix en l&#8217;article 5 un denominat \u00abdocument d&#8217;abast\u00bb (consulta: <a href=\"https:\/\/www.boe.es\/boe_catalan\/dias\/2013\/12\/11\/pdfs\/BOE-A-2013-12913-C.pdf\" target=\"_blank\" rel=\"noopener noreferrer\">07.12.2020<\/a>):<\/p>\n<blockquote><p><em>c<\/em>) \u00abDocument d\u2019abast\u00bb: pronunciament de l\u2019\u00f2rgan ambiental adre\u00e7at al promotor que t\u00e9 per objecte delimitar l\u2019amplitud, el nivell de detall i els grau d\u2019especificaci\u00f3 que ha de tenir l\u2019estudi ambiental estrat\u00e8gic i l\u2019estudi d\u2019impacte ambiental.<\/p><\/blockquote>\n<hr \/>\n<p><strong>En castell\u00e0,<\/strong> <em>documento de alcance<\/em>.<\/p>\n<p>&nbsp;<\/p>\n","protected":false},"excerpt":{"rendered":"<p>La Llei 21\/2013, estatal, d&#8217;avaluaci\u00f3 ambiental definix en l&#8217;article 5 un denominat \u00abdocument d&#8217;abast\u00bb (consulta: 07.12.2020): c) \u00abDocument d\u2019abast\u00bb: pronunciament de l\u2019\u00f2rgan ambiental adre\u00e7at al promotor que t\u00e9 per objecte delimitar l\u2019amplitud, el nivell de detall i els grau d\u2019especificaci\u00f3 que ha de tenir l\u2019estudi ambiental estrat\u00e8gic i l\u2019estudi d\u2019impacte ambiental. En castell\u00e0, documento de [&hellip;]<\/p>\n","protected":false},"author":1,"featured_media":0,"comment_status":"open","ping_status":"open","sticky":false,"template":"","format":"standard","meta":{"footnotes":""},"categories":[35],"tags":[20,16],"class_list":["post-3527","post","type-post","status-publish","format-standard","hentry","category-lletra-d","tag-juridicoadministratiu","tag-traduccio"],"post_mailing_queue_ids":[],"_links":{"self":[{"href":"https:\/\/www.cdlpv.org\/fitxes\/wp-json\/wp\/v2\/posts\/3527","targetHints":{"allow":["GET"]}}],"collection":[{"href":"https:\/\/www.cdlpv.org\/fitxes\/wp-json\/wp\/v2\/posts"}],"about":[{"href":"https:\/\/www.cdlpv.org\/fitxes\/wp-json\/wp\/v2\/types\/post"}],"author":[{"embeddable":true,"href":"https:\/\/www.cdlpv.org\/fitxes\/wp-json\/wp\/v2\/users\/1"}],"replies":[{"embeddable":true,"href":"https:\/\/www.cdlpv.org\/fitxes\/wp-json\/wp\/v2\/comments?post=3527"}],"version-history":[{"count":2,"href":"https:\/\/www.cdlpv.org\/fitxes\/wp-json\/wp\/v2\/posts\/3527\/revisions"}],"predecessor-version":[{"id":3549,"href":"https:\/\/www.cdlpv.org\/fitxes\/wp-json\/wp\/v2\/posts\/3527\/revisions\/3549"}],"wp:attachment":[{"href":"https:\/\/www.cdlpv.org\/fitxes\/wp-json\/wp\/v2\/media?parent=3527"}],"wp:term":[{"taxonomy":"category","embeddable":true,"href":"https:\/\/www.cdlpv.org\/fitxes\/wp-json\/wp\/v2\/categories?post=3527"},{"taxonomy":"post_tag","embeddable":true,"href":"https:\/\/www.cdlpv.org\/fitxes\/wp-json\/wp\/v2\/tags?post=3527"}],"curies":[{"name":"wp","href":"https:\/\/api.w.org\/{rel}","templated":true}]}}