{"id":3519,"date":"2020-12-09T20:30:59","date_gmt":"2020-12-09T18:30:59","guid":{"rendered":"https:\/\/www.cdlpv.org\/fitxes\/?p=3519"},"modified":"2021-02-10T19:20:43","modified_gmt":"2021-02-10T17:20:43","slug":"profia","status":"publish","type":"post","link":"https:\/\/www.cdlpv.org\/fitxes\/profia\/","title":{"rendered":"profia"},"content":{"rendered":"<p>Esta variant no apareix en els diccionaris generals, s&#8217;ha especialitzat com a part de l&#8217;expressi\u00f3 <em>fer una profia<\/em>, que equival a &#8216;proposar un objectiu, un repte&#8217;. Pel que diu el <span class=\"versaleta\"><em>dcvb<\/em><\/span> (consulta: <a href=\"https:\/\/dcvb.iec.cat\/results.asp?Word=porf%EDdia&amp;Id=113034&amp;search=porf%EDdia\" target=\"_blank\" rel=\"noopener noreferrer\">26.11.2020<\/a>), la paraula deu ser una variaci\u00f3 de <em>porf\u00eddia <\/em>(al seu torn variant de <em>perf\u00eddia<\/em>), probablement passant per l&#8217;antic <em>porfia<\/em> de la cr\u00f2nica de Jaume I, que s\u00ed que apareix en el dnv (consulta: <a href=\"http:\/\/www.avl.gva.es\/lexicval\/?paraula=porfia\" target=\"_blank\" rel=\"noopener\">09.12.2020<\/a>) com a sin\u00f2nim d&#8217;aposta, encara que <em><span class=\"versaleta\">dcorom<\/span><\/em> (s. v. <em>fe;<\/em> p. 920) pensa que eixa variant actual \u00e9s presa del castell\u00e0.<\/p>\n<p>Estos diccionaris no arrepleguen la variant <em>profia<\/em>, per\u00f2 s\u00ed altres formes que mostren diverses tend\u00e8ncies adaptatives: <em>porf\u00edria<\/em> (Antoni Canals), <em>profidi<\/em> (Mallorca), <em>porf\u00e8dia<\/em> (Eivissa), que mantenen els sentits relacionats &#8216;insist\u00e8ncia&#8217; o &#8216;disputa&#8217;. L&#8217;expressi\u00f3 <em>fer una profia<\/em> en eixe mateix sentit de &#8216;proposar un objectiu, un repte&#8217;, i la paraula <em>profia &#8216;<\/em>repte, prova&#8217;, les podem trobar documentades en un territori prou ample. Per exemple:<\/p>\n<ul>\n<li>Sollana (Ribera Baixa), informants de 84 i 89 anys: \u00ab\u00a1Fem una profia!\u00bb<\/li>\n<li><a href=\"https:\/\/ca.wikipedia.org\/wiki\/Godall\" target=\"_blank\" rel=\"noopener noreferrer\">Godall<\/a> (Montsi\u00e0), 2013 (consulta: <a href=\"http:\/\/xarangasarabastall.blogspot.com\/2014\/01\/festes-dagost-2013.html\" target=\"_blank\" rel=\"noopener noreferrer\">26.11.2020<\/a>): \u00abCom tots els anys, la Xaranga Sarabastall va amenitzar les festes majors del nostre poble. Fins i tot, el dia del bou estofat (\u00faltim dia de festes), n&#8217;hi havia que encara tenien forces, no per a tocar el seu instrument, sin\u00f3 que encara s&#8217;atrevien a fer una <strong>&#8220;profia&#8221;<\/strong> encara m\u00e9s dif\u00edcil.\u00bb<\/li>\n<li>Benicarl\u00f3 (Baix Maestrat), 2009 (consulta: <a href=\"http:\/\/arrealibona.blogspot.com\/2009\/10\/profies-de-tardor-i-paelleta.html\" target=\"_blank\" rel=\"noopener noreferrer\">26.11.2020<\/a>): \u00abAbans i despr\u00e9s de la paella es van jugar diferents <strong>profies<\/strong>. La <strong>profia<\/strong> individual entre Esteller i Tufarret la va guanyar el primer, i en la <strong>profia<\/strong> per parelles d&#8217;abans de dinar quasi salta la sorpresa, ja que Pelli i Kar\u00e7e van fer una gran partida contra Many\u00e0 i Tito.\u00bb<\/li>\n<li>Cabanes (Plana Alta), 2010 (consulta: <a href=\"https:\/\/rafaelcondill.blogspot.com\/2010\/07\/un-poquito-de-imaginacion.html\" target=\"_blank\" rel=\"noopener noreferrer\">26.11.2020<\/a>): \u00ab- Jo faig la <strong>profia<\/strong> -dice Paco. -Si no me l&#8217;acabe d&#8217;un trago pague jo lo de tots.\u00bb<\/li>\n<li>Benaguasil (Camp de T\u00faria), 2020\u00a0 (consulta: <a href=\"https:\/\/m.facebook.com\/groups\/dialectesdelcatala\/permalink\/3353335831396943\/?refid=18&amp;_ft_=qid.6899409735972488012%3Amf_story_key.3353335831396943%3Agroup_id.609253002471920%3Atop_level_post_id.3353335831396943%3Atl_objid.3353335831396943%3Acontent_owner_id_new.1470328116%3Apage_id.609253002471920%3Atext_formatting.200521337465306%3Asrc.22%3Astory_location.6%3Afilter.GroupStoriesByActivityEntQuery%3Atds_flgs.3%3Aott.AX8szbr20z9FYxST&amp;__tn__=%2As%2As-R\" target=\"_blank\" rel=\"noopener noreferrer\">26.11.2020<\/a>): \u00abA Benaguasil, Pa\u00eds Valenci\u00e0,\u00a0 diem fer una &#8220;<strong>profia<\/strong>&#8221; quan alg\u00fa planteja fer un repte.\u00bb<\/li>\n<li>Silla (Horta Sud), 2015 (consulta: <a href=\"https:\/\/issuu.com\/fallaportdesilla\/docs\/llibret_falla_port_de_silla_2015_de\" target=\"_blank\" rel=\"noopener noreferrer\">26.11.2020<\/a>): \u00ab[&#8230;] fent un viatge a Madrid en bicicleta en una mena de <strong>profia<\/strong> esportiva que tingu\u00e9 molta nomen\u00e0 pel poble\u00bb.<\/li>\n<li>Almussafes (Ribera Baixa), 2011 (consulta: <a href=\"http:\/\/servicios.lasprovincias.es\/documentos\/almussafes.pdf\" target=\"_blank\" rel=\"noopener noreferrer\">26.11.2020<\/a>): \u00ab[&#8230;] es va fer una <strong>profia<\/strong>&#8230; \u201cSi vosaltres formeu una orquestra per a Pasqua amb m\u00fasica moderna, nosaltres vos paguem el lloguer de l&#8217;equip, posem una barra i fem una festa que de segur agradar\u00e0 a tot el m\u00f3n\u201d\u00bb.<\/li>\n<li>Benissa (Marina Alta), 2018 (consulta: <a href=\"https:\/\/www.facebook.com\/permalink.php?id=1743716552514241&amp;story_fbid=2101159093436650\" target=\"_blank\" rel=\"noopener noreferrer\">26.11.2020<\/a>): \u00abLa pr\u00e0ctica oficialment es normalitza en la d\u00e8cada dels quaranta on els transportistes ( en aquella \u00e8poca de carro i galera) fan evolucionar una pr\u00e0ctica dels llauradors &#8220;Les <strong>profies<\/strong>&#8221; a un deport rural h\u00edpic.\u00bb<\/li>\n<\/ul>\n<hr \/>\n<p><strong>En castell\u00e0, <\/strong><em>porf\u00eda<\/em> compartix eixe sentit de discussi\u00f3 i repte (&#8216;con emulaci\u00f3n y competencia&#8217; definix el <span class=\"versaleta\"><em>drae<\/em><\/span> l&#8217;expressi\u00f3 <em>a porf\u00eda;<\/em> consulta: <a href=\"https:\/\/dle.rae.es\/porf%C3%ADa?m=form\" target=\"_blank\" rel=\"noopener\">09.12.2020<\/a>).<\/p>\n","protected":false},"excerpt":{"rendered":"<p>Esta variant no apareix en els diccionaris generals, s&#8217;ha especialitzat com a part de l&#8217;expressi\u00f3 fer una profia, que equival a &#8216;proposar un objectiu, un repte&#8217;. Pel que diu el dcvb (consulta: 26.11.2020), la paraula deu ser una variaci\u00f3 de porf\u00eddia (al seu torn variant de perf\u00eddia), probablement passant per l&#8217;antic porfia de la cr\u00f2nica [&hellip;]<\/p>\n","protected":false},"author":1,"featured_media":0,"comment_status":"open","ping_status":"open","sticky":false,"template":"","format":"standard","meta":{"footnotes":""},"categories":[50],"tags":[140,26,17,91],"class_list":["post-3519","post","type-post","status-publish","format-standard","hentry","category-lletra-p","tag-dialectes","tag-expressions","tag-lexic","tag-substantius"],"post_mailing_queue_ids":[],"_links":{"self":[{"href":"https:\/\/www.cdlpv.org\/fitxes\/wp-json\/wp\/v2\/posts\/3519","targetHints":{"allow":["GET"]}}],"collection":[{"href":"https:\/\/www.cdlpv.org\/fitxes\/wp-json\/wp\/v2\/posts"}],"about":[{"href":"https:\/\/www.cdlpv.org\/fitxes\/wp-json\/wp\/v2\/types\/post"}],"author":[{"embeddable":true,"href":"https:\/\/www.cdlpv.org\/fitxes\/wp-json\/wp\/v2\/users\/1"}],"replies":[{"embeddable":true,"href":"https:\/\/www.cdlpv.org\/fitxes\/wp-json\/wp\/v2\/comments?post=3519"}],"version-history":[{"count":11,"href":"https:\/\/www.cdlpv.org\/fitxes\/wp-json\/wp\/v2\/posts\/3519\/revisions"}],"predecessor-version":[{"id":3548,"href":"https:\/\/www.cdlpv.org\/fitxes\/wp-json\/wp\/v2\/posts\/3519\/revisions\/3548"}],"wp:attachment":[{"href":"https:\/\/www.cdlpv.org\/fitxes\/wp-json\/wp\/v2\/media?parent=3519"}],"wp:term":[{"taxonomy":"category","embeddable":true,"href":"https:\/\/www.cdlpv.org\/fitxes\/wp-json\/wp\/v2\/categories?post=3519"},{"taxonomy":"post_tag","embeddable":true,"href":"https:\/\/www.cdlpv.org\/fitxes\/wp-json\/wp\/v2\/tags?post=3519"}],"curies":[{"name":"wp","href":"https:\/\/api.w.org\/{rel}","templated":true}]}}