{"id":3492,"date":"2020-11-24T20:30:21","date_gmt":"2020-11-24T18:30:21","guid":{"rendered":"https:\/\/www.cdlpv.org\/fitxes\/?p=3492"},"modified":"2021-01-05T15:24:10","modified_gmt":"2021-01-05T13:24:10","slug":"atxinat-ada","status":"publish","type":"post","link":"https:\/\/www.cdlpv.org\/fitxes\/atxinat-ada\/","title":{"rendered":"atxinat -ada"},"content":{"rendered":"<p>Este adjectiu no apareix en els diccionaris generals. Les obres de refer\u00e8ncia preferixen qualificar el tipus d&#8217;ulls humans m\u00e9s allargats (o dits tamb\u00e9 oblics) amb l&#8217;adjectiu <em>ametlat -ada<\/em> &#8216;en forma d&#8217;ametla&#8217;.<\/p>\n<p><em><strong>atxinesat -ada \/ aixinesat -ada<br \/>\n<\/strong><\/em>L&#8217;adjectiu hauria de ser un derivat de <em>xin\u00e9s xinesa,<\/em> procediment que en valenci\u00e0 donaria <em>atxinesat -ada<\/em>, seguint els casos que utilitzen <em>tx-<\/em> inicial i mirant de ser regular en l&#8217;aplicaci\u00f3 de les possibilitats ortogr\u00e0fiques; aix\u00f2 du a la variant africada <em>aixinesat -ada<\/em>. Conv\u00e9 no estendre innecess\u00e0riament la irregularitat de l&#8217;ortografia (veg. <span class=\"versaleta\"><em>gelc<\/em><\/span> 2.2.2; consulta: <a href=\"https:\/\/geiec.iec.cat\/capitol_veure.asp?id_gelc=479&amp;capitol=2\" target=\"_blank\" rel=\"noopener noreferrer\">24.11.2020<\/a>) que fa servir la grafia inicial <em>x- <\/em>tant per a la pron\u00fancia fricativa com per a l&#8217;africada.<\/p>\n<div class=\"su-note\"  style=\"border-color:#e5e54c;border-radius:3px;-moz-border-radius:3px;-webkit-border-radius:3px;\"><div class=\"su-note-inner su-u-clearfix su-u-trim\" style=\"background-color:#FFFF66;border-color:#ffffff;color:#333333;border-radius:3px;-moz-border-radius:3px;-webkit-border-radius:3px;\">* Podem observar de quina manera unes irregularitats inicials (valor doble de la <em>x-<\/em> inicial) i una gesti\u00f3 ortogr\u00e0fica que no adopta una visi\u00f3 de conjunt i una jerarquia clara de regles, esdev\u00e9 una pr\u00e0ctica \u00abcreativa\u00bb que indu\u00efx a excepcions que pretenen justificar noves irregularitats. S\u00f3n simptom\u00e0tiques en este sentit les reflexions relacionades de Jaume Salvany\u00e0 i Eugeni S. Reig que podem llegir en \u00abComentaris al Diccionari normatiu valenci\u00e0 (XXXVI). \u00bfAxampanyat, atxampanyat o aixampanyat?\u00bb (2015); consulta: <a href=\"https:\/\/www.migjorn.cat\/historic\/20150214.2154.php\" target=\"_blank\" rel=\"noopener\">17.12.2020<\/a>. Les irregularitats i improvisacions normatives dificulten les decisions compartides.<br \/>\n<\/div><\/div>\n<p><strong><em>atxinat -ada<\/em> <em>\/ aixinat -ada<\/em><br \/>\n<\/strong>D&#8217;altra banda, la forma m\u00e9s usual s&#8217;ha format a partir del castell\u00e0 <em>chino -na<\/em>, \u00e9s a dir, dels pr\u00e9stecs no normatius <em>xino <\/em><em>xina.<\/em> Aix\u00f2 ha donat lloc tant a <em>atxinat -ada<\/em> com a la versi\u00f3 <em>aixinat -ada <\/em>(per als dialectes que fan la pron\u00fancia fricativa inicial).<\/p>\n<p>Seguint la prefer\u00e8ncia m\u00e9s documentada (veg. \u00abUns ulls aixinats i un vi aixampanyat\u00bb de Jaume Salvany\u00e0; consulta: <a href=\"https:\/\/llenguanacional.cat\/pdf\/LN_89.pdf\" target=\"_blank\" rel=\"noopener noreferrer\">24.11.2020<\/a>), el <em>Llibre d&#8217;estil<\/em> de <em>La Vanguardia<\/em> (consulta: <a href=\"https:\/\/books.google.es\/books?id=HKyUDwAAQBAJ&amp;pg=PT88&amp;dq=%22ulls+aixinats%22&amp;hl=ca&amp;sa=X&amp;ved=2ahUKEwimwOmA7JrtAhXTA2MBHVjoCYsQ6AEwAHoECAUQAg#v=onepage&amp;q=%22ulls%20aixinats%22&amp;f=false\" target=\"_blank\" rel=\"noopener noreferrer\">24.11.2020<\/a>) ha adoptat el verb <em>aixinar<\/em> i l&#8217;adjectiu <em>aixinat -ada:<\/em><\/p>\n<blockquote><p><strong>aixinar. <\/strong>Acceptem aquest verb amb el sentit de <strong>posar els ulls oblics.<\/strong> Tamb\u00e9 podem fer servir els verbs <strong>tancar-se, allargar-se, mig aclucar, empetitir-se<\/strong> els ulls: <span style=\"text-decoration: underline;\">quan riu, mig tanca els ulls; posar els ulls allargats si mira lluny.<\/span> I en determinats contextos, <strong>ulls ametllats<\/strong> o <strong>ulls aixinats.<\/strong> \/\/ Aix\u00ed mateix, es pot fer servir <strong>aixinar<\/strong> amb el sentit que alg\u00fa o alguna cosa t\u00e9 o agafa trets xinesos: <span style=\"text-decoration: underline;\">una cara aixinada, parla un angl\u00e8s aixinat, els costums s&#8217;aixinen.<\/span><\/p><\/blockquote>\n<p>La forma <em>aixinar <\/em>i fam\u00edlia tindrien l&#8217;inconvenient que podrien dur a confusi\u00f3 amb l&#8217;adverbi <em><a href=\"http:\/\/www.avl.gva.es\/lexicval\/?paraula=aixina\" target=\"_blank\" rel=\"noopener noreferrer\">aixina<\/a>\u00a0<\/em>i possibles creacions derivades<em>.<\/em><\/p>\n<p>Em sembla que les formes que no s&#8217;ajustarien gens a les regles ortogr\u00e0fiques actuals serien <em>axinesat -ada<\/em> i <em>axinat -ada<\/em>, ja que en eixe entorn voc\u00e0lic el so de la &#8211;<em>x-<\/em> hauria ser [ks], com en <em>axial, axinita<\/em> o <em>axioma<\/em>.<\/p>\n","protected":false},"excerpt":{"rendered":"<p>Este adjectiu no apareix en els diccionaris generals. Les obres de refer\u00e8ncia preferixen qualificar el tipus d&#8217;ulls humans m\u00e9s allargats (o dits tamb\u00e9 oblics) amb l&#8217;adjectiu ametlat -ada &#8216;en forma d&#8217;ametla&#8217;. atxinesat -ada \/ aixinesat -ada L&#8217;adjectiu hauria de ser un derivat de xin\u00e9s xinesa, procediment que en valenci\u00e0 donaria atxinesat -ada, seguint els casos [&hellip;]<\/p>\n","protected":false},"author":1,"featured_media":0,"comment_status":"open","ping_status":"open","sticky":false,"template":"","format":"standard","meta":{"footnotes":""},"categories":[18],"tags":[49,17,13,61,62],"class_list":["post-3492","post","type-post","status-publish","format-standard","hentry","category-lletra-a","tag-adjectius","tag-lexic","tag-neologia","tag-ortografia","tag-verbs"],"post_mailing_queue_ids":[],"_links":{"self":[{"href":"https:\/\/www.cdlpv.org\/fitxes\/wp-json\/wp\/v2\/posts\/3492","targetHints":{"allow":["GET"]}}],"collection":[{"href":"https:\/\/www.cdlpv.org\/fitxes\/wp-json\/wp\/v2\/posts"}],"about":[{"href":"https:\/\/www.cdlpv.org\/fitxes\/wp-json\/wp\/v2\/types\/post"}],"author":[{"embeddable":true,"href":"https:\/\/www.cdlpv.org\/fitxes\/wp-json\/wp\/v2\/users\/1"}],"replies":[{"embeddable":true,"href":"https:\/\/www.cdlpv.org\/fitxes\/wp-json\/wp\/v2\/comments?post=3492"}],"version-history":[{"count":12,"href":"https:\/\/www.cdlpv.org\/fitxes\/wp-json\/wp\/v2\/posts\/3492\/revisions"}],"predecessor-version":[{"id":3591,"href":"https:\/\/www.cdlpv.org\/fitxes\/wp-json\/wp\/v2\/posts\/3492\/revisions\/3591"}],"wp:attachment":[{"href":"https:\/\/www.cdlpv.org\/fitxes\/wp-json\/wp\/v2\/media?parent=3492"}],"wp:term":[{"taxonomy":"category","embeddable":true,"href":"https:\/\/www.cdlpv.org\/fitxes\/wp-json\/wp\/v2\/categories?post=3492"},{"taxonomy":"post_tag","embeddable":true,"href":"https:\/\/www.cdlpv.org\/fitxes\/wp-json\/wp\/v2\/tags?post=3492"}],"curies":[{"name":"wp","href":"https:\/\/api.w.org\/{rel}","templated":true}]}}