{"id":3484,"date":"2020-11-24T20:30:12","date_gmt":"2020-11-24T18:30:12","guid":{"rendered":"https:\/\/www.cdlpv.org\/fitxes\/?p=3484"},"modified":"2020-12-15T14:01:27","modified_gmt":"2020-12-15T12:01:27","slug":"tollo","status":"publish","type":"post","link":"https:\/\/www.cdlpv.org\/fitxes\/tollo\/","title":{"rendered":"Tollo"},"content":{"rendered":"<figure id=\"attachment_3488\" aria-describedby=\"caption-attachment-3488\" style=\"width: 300px\" class=\"wp-caption alignleft\"><a href=\"https:\/\/www.cdlpv.org\/fitxes\/wp-content\/uploads\/2020\/11\/Tollo-Benifaio.png\"><img loading=\"lazy\" decoding=\"async\" class=\"size-medium wp-image-3488\" src=\"https:\/\/www.cdlpv.org\/fitxes\/wp-content\/uploads\/2020\/11\/Tollo-Benifaio-300x273.png\" alt=\"Barranc del Tollo (terme de Benifai\u00f3)\" width=\"300\" height=\"273\" srcset=\"https:\/\/www.cdlpv.org\/fitxes\/wp-content\/uploads\/2020\/11\/Tollo-Benifaio-300x273.png 300w, https:\/\/www.cdlpv.org\/fitxes\/wp-content\/uploads\/2020\/11\/Tollo-Benifaio.png 600w\" sizes=\"auto, (max-width: 300px) 100vw, 300px\" \/><\/a><figcaption id=\"caption-attachment-3488\" class=\"wp-caption-text\"><span style=\"font-size: 10pt;\">El barranc del Tollo (al terme de Benifai\u00f3), segons el Nomencl\u00e0tor Topon\u00edmic Valenci\u00e0.<\/span><\/figcaption><\/figure>\n<p>L&#8217;any 19<span lang=\"CA\">97, d\u2019acord amb els mapes <em>(<span class=\"versaleta\">gec<\/span>),<\/em> localitz\u00e0vem este barranc per Cofrents. L&#8217;empresa FGV situava un barranc amb este nom entre el baixador de l\u2019Espioca i la Font d\u2019Almaguer, que ara podem comprovar que est\u00e0 a l&#8217;extrem nord-oest del terme de Benifai\u00f3 (veg. Nomencl\u00e0tor Topon\u00edmic Valenci\u00e0: consulta: <a href=\"http:\/\/www.icv.gva.es\/auto\/aplicaciones\/visors_tematics\/nomenclator\/nomenclator_visor\/?locate=ca\" target=\"_blank\" rel=\"noopener noreferrer\">23.11.2020<\/a>).<br \/>\n<\/span><\/p>\n<p>Hi ha m\u00e9s llocs batejats amb el mateix top\u00f2nim (que presenta variants): Adem\u00fas, Alboraig, Aiora (<em>Tollo<\/em> i\u00a0<em>Tollos<\/em>), Benferri, Bolbait, Cullera <em>(Tol\u00b7lo),<\/em> Llombai, Montesa, Novelda, Silla <em>(Toll),<\/em> Tavernes de la Valldigna (<em>Toulo<\/em> o <em>Tol\u00b7lo<\/em>), Sant Mateu (<em>Toll<\/em> i <em>Tolls<\/em>), Torrent, Vallada, Villores <em>(Tolls),<\/em> Xarafull&#8230; M\u00e9s dades en l&#8217;<em>Onomasticon<\/em> de Coromines i en el <a href=\"http:\/\/www.icv.gva.es\/auto\/aplicaciones\/visors_tematics\/nomenclator\/nomenclator_visor\/?locate=ca\" target=\"_blank\" rel=\"noopener\">Nomencl\u00e0tor Topon\u00edmic Valenci\u00e0<\/a>.<\/p>\n","protected":false},"excerpt":{"rendered":"<p>L&#8217;any 1997, d\u2019acord amb els mapes (gec), localitz\u00e0vem este barranc per Cofrents. L&#8217;empresa FGV situava un barranc amb este nom entre el baixador de l\u2019Espioca i la Font d\u2019Almaguer, que ara podem comprovar que est\u00e0 a l&#8217;extrem nord-oest del terme de Benifai\u00f3 (veg. Nomencl\u00e0tor Topon\u00edmic Valenci\u00e0: consulta: 23.11.2020). Hi ha m\u00e9s llocs batejats amb el [&hellip;]<\/p>\n","protected":false},"author":1,"featured_media":0,"comment_status":"open","ping_status":"open","sticky":false,"template":"","format":"standard","meta":{"footnotes":""},"categories":[39],"tags":[57],"class_list":["post-3484","post","type-post","status-publish","format-standard","hentry","category-lletra-t","tag-toponimia"],"post_mailing_queue_ids":[],"_links":{"self":[{"href":"https:\/\/www.cdlpv.org\/fitxes\/wp-json\/wp\/v2\/posts\/3484","targetHints":{"allow":["GET"]}}],"collection":[{"href":"https:\/\/www.cdlpv.org\/fitxes\/wp-json\/wp\/v2\/posts"}],"about":[{"href":"https:\/\/www.cdlpv.org\/fitxes\/wp-json\/wp\/v2\/types\/post"}],"author":[{"embeddable":true,"href":"https:\/\/www.cdlpv.org\/fitxes\/wp-json\/wp\/v2\/users\/1"}],"replies":[{"embeddable":true,"href":"https:\/\/www.cdlpv.org\/fitxes\/wp-json\/wp\/v2\/comments?post=3484"}],"version-history":[{"count":5,"href":"https:\/\/www.cdlpv.org\/fitxes\/wp-json\/wp\/v2\/posts\/3484\/revisions"}],"predecessor-version":[{"id":3551,"href":"https:\/\/www.cdlpv.org\/fitxes\/wp-json\/wp\/v2\/posts\/3484\/revisions\/3551"}],"wp:attachment":[{"href":"https:\/\/www.cdlpv.org\/fitxes\/wp-json\/wp\/v2\/media?parent=3484"}],"wp:term":[{"taxonomy":"category","embeddable":true,"href":"https:\/\/www.cdlpv.org\/fitxes\/wp-json\/wp\/v2\/categories?post=3484"},{"taxonomy":"post_tag","embeddable":true,"href":"https:\/\/www.cdlpv.org\/fitxes\/wp-json\/wp\/v2\/tags?post=3484"}],"curies":[{"name":"wp","href":"https:\/\/api.w.org\/{rel}","templated":true}]}}