{"id":3475,"date":"2020-11-20T20:30:58","date_gmt":"2020-11-20T18:30:58","guid":{"rendered":"https:\/\/www.cdlpv.org\/fitxes\/?p=3475"},"modified":"2020-12-15T12:35:48","modified_gmt":"2020-12-15T10:35:48","slug":"macron","status":"publish","type":"post","link":"https:\/\/www.cdlpv.org\/fitxes\/macron\/","title":{"rendered":"m\u00e0cron"},"content":{"rendered":"<ol>\n<li>Es tracta d&#8217;un terme d&#8217;origen grec. Encara no apareix en els diccionaris generals. \u00c9s el nom d&#8217;un signe diacr\u00edtic (\u00af) que indica que una vocal \u00e9s llarga.<br \/>\n<blockquote>\n<table style=\"width: 54.9323%;\" border=\"0\" cellspacing=\"2\" cellpadding=\"2\" align=\"center\">\n<tbody>\n<tr>\n<th>Vocals llargues:<\/th>\n<\/tr>\n<tr>\n<td><\/td>\n<td>\u0100 \u0101<\/td>\n<\/tr>\n<tr>\n<td><\/td>\n<td>\u0112 \u0113<\/td>\n<\/tr>\n<tr>\n<td><\/td>\n<td>\u012a \u012b<\/td>\n<\/tr>\n<tr>\n<td><\/td>\n<td>\u014c \u014d<\/td>\n<\/tr>\n<tr>\n<td><\/td>\n<td>\u016a \u016b<\/td>\n<\/tr>\n<\/tbody>\n<\/table>\n<\/blockquote>\n<p>Hem trobat la forma <em>m\u00e0cron<\/em> Josep M. Pujol en \u00abL&#8217;escriptura tipogr\u00e0fica, 1. La font digital\u00bb:<\/p>\n<blockquote><p>Les fonts Windows disposen d\u2019una s\u00e8rie de set diacr\u00edtics solts: l\u2019accent agut (\u00b4), el greu (`), el circumflex (\u02c6), la di\u00e8resi (\u00a8), la titlla (\u02dc), el m\u00e0cron (\u00af) i la cueta solta de la ce trencada (\u00b8); per la seva banda, la s\u00e8rie de diacr\u00edtics solts de Mac \u00e9s m\u00e9s \u00e0mplia: a m\u00e9s dels anteriors t\u00e9 la <em>nota brevis <\/em>(<span class=\"lucida\">\u02d8<\/span>), el punt sobrescrit (<span class=\"lucida\">\u02d9<\/span>), el <em>krou\u017eek <\/em>(en txec \u2018anellet\u2019) o anell sobrescrit (<span class=\"lucida\">\u02da<\/span>), l\u2019accent agut doble de l\u2019hongar\u00e8s (<span class=\"lucida\">\u02dd<\/span>), l\u2019<em>ogonek <\/em>polon\u00e8s (<span class=\"lucida\">\u02db<\/span>) i el <em>h\u00e1\u010dek <\/em>o accent circumflex invertit (<span class=\"lucida\">\u02c7<\/span>).<\/p>\n<div class=\"cap\u00e7alera\">\u2192 <a title=\"Departament de Filologia Catalana de la Universitat Rovira i Virgili\" href=\"https:\/\/core.ac.uk\/download\/pdf\/39105778.pdf\" target=\"_blank\" rel=\"noopener noreferrer\">Veg.<\/a> article complet en PDF.<\/div>\n<\/blockquote>\n<p>El Cercaterm, recollia (17.05.2007) una proposta diferent:<\/p>\n<blockquote><p><strong>guionet<\/strong><br \/>\nInd\u00fastria: Arts gr\u00e0fiques. Edici\u00f3<br \/>\n<em>ca<\/em>\u00a0guionet,\u00a0<em>m<\/em>, tra\u00e7 horitzontal,\u00a0<em>m<br \/>\n<strong>es<\/strong><\/em>\u00a0\u00a0macron<\/p><\/blockquote>\n<p>Per\u00f2 despr\u00e9s de la consulta que els hem adre\u00e7at, arran de l&#8217;elaboraci\u00f3 d&#8217;esta fitxa, ens han respost el seg\u00fcent (juny 2007):<\/p>\n<blockquote><p>Despr\u00e9s de la recerca terminol\u00f2gica que hem fet sobre aquest terme, ens sembla encertada i molt a tenir en compte la proposta de l&#8217;especialista Josep M. Pujol de l&#8217;adaptaci\u00f3 catalana de <em>m\u00e0cron<\/em>. \u00c9s per aix\u00f2 que considerem pertinent passar el terme al Consell Supervisor del TERMCAT perqu\u00e8 el normalitzi i en fixi la forma definitiva m\u00e9s adequada.<\/p><\/blockquote>\n<p>Finalment, el Termcat (05.06.2009 dv.) envia el missatge seg\u00fcent:<\/p>\n<blockquote><p>En relaci\u00f3 amb la consulta que ens vau fer sobre el terme <em>macron<\/em> de l&#8217;\u00e0mbit de la tipografia, ens plau comunicar-vos que ha estat normalitzat pel Consell Supervisor del TERMCAT.La denominaci\u00f3 catalana <em>m\u00e0cron<\/em> \u00e9s la forma normalitzada per a designar el concepte seg\u00fcent: &#8216;Signe en forma de ratlleta horitzontal (\u00af) que se situa sobre algunes lletres, amb valors diversos, en els estudis de pros\u00f2dia i m\u00e8trica cl\u00e0ssiques, en l&#8217;ortografia d&#8217;alguns idiomes, en alguns sistemes de transliteraci\u00f3 i de transcripci\u00f3 fon\u00e8tica i en diversos sistemes de notaci\u00f3 cient\u00edfica&#8217;.<\/p><\/blockquote>\n<p>Per tant, el Termcat (consulta: <a href=\"https:\/\/www.termcat.cat\/ca\/cercaterm\/fitxa\/NTc2NjIw\" target=\"_blank\" rel=\"noopener noreferrer\">20.11.2020<\/a>) va publicar la fitxa seg\u00fcent:<\/p>\n<blockquote><p><em>ca<\/em> <strong>m\u00e0cron,<\/strong> n m<br \/>\nes acento largo<br \/>\n<em>es<\/em> macron<br \/>\n<em>fr<\/em> accent long<br \/>\n<em>fr<\/em> macron<br \/>\n<em>fr<\/em> trait sup\u00e9rieur<br \/>\n<em>it<\/em> macron<br \/>\n<em>en<\/em> long accent<br \/>\n<em>en<\/em> macron<br \/>\n<em>en<\/em> straight accent<br \/>\n<em>de<\/em> L\u00e4ngestrich<br \/>\n<em>de<\/em> Macron<br \/>\n<em>de<\/em> Makron<\/p>\n<p>Ind\u00fastria &gt; Arts gr\u00e0fiques. Edici\u00f3<br \/>\n<strong>Definici\u00f3<\/strong><br \/>\nSigne en forma de ratlleta horitzontal (\u02c9) que se situa sobre algunes lletres, amb valors diversos, en els estudis de pros\u00f2dia i m\u00e8trica cl\u00e0ssiques, en l&#8217;ortografia d&#8217;alguns idiomes, en alguns sistemes de transliteraci\u00f3 i de transcripci\u00f3 fon\u00e8tica i en diversos sistemes de notaci\u00f3 cient\u00edfica.<br \/>\n<strong>Nota<\/strong><br \/>\nEn els estudis de pros\u00f2dia i m\u00e8trica cl\u00e0ssiques, el m\u00e0cron indica vocal o s\u00edl\u00b7laba llarga.<\/p><\/blockquote>\n<\/li>\n<li>En angl\u00e9s, segons el <em>Merriam-Webster:<\/em><br \/>\n<blockquote><p><strong>macron <a href=\"http:\/\/www.m-w.com\/cgi-bin\/audio.pl?macron01.wav=macron\" target=\"_blank\" rel=\"noopener noreferrer\"><img decoding=\"async\" src=\"http:\/\/www.einesdellengua.com\/Fitxes\/Textos\/Imatges\/megafon.gif\" border=\"0\" \/><\/a> <a href=\"http:\/\/www.m-w.com\/cgi-bin\/audio.pl?macron02.wav=macron\" target=\"_blank\" rel=\"noopener noreferrer\"><img decoding=\"async\" src=\"http:\/\/www.einesdellengua.com\/Fitxes\/Textos\/Imatges\/megafon.gif\" border=\"0\" \/><\/a><\/strong><a><br \/>\n<strong>Pronunciation:<\/strong> &#8216;mA-&#8220;kr\u00e4n, &#8216;ma-, -kr&amp;n<br \/>\n<strong>Function:<\/strong> noun<br \/>\n<strong>Etymology:<\/strong> Greek <em>makron,<\/em> neuter of <em>makros<\/em> long : a mark \u00af placed over a vowel to indicate that the vowel is long or placed over a syllable or used alone to indicate a stressed or long syllable in a metrical foot <\/a><\/p><\/blockquote>\n<\/li>\n<li><a>En franc\u00e9s, segons el <\/a><a href=\"http:\/\/www.granddictionnaire.com\/\" target=\"_blank\" rel=\"noopener noreferrer\"><span class=\"versaleta\"><em>gdt<\/em><\/span><\/a><em>:<\/em><br \/>\n<blockquote><p><strong>macron<\/strong> n. m.<br \/>\nD\u00e9finition\u00a0: Signe graphique plac\u00e9 au-dessus d&#8217;une voyelle ou d&#8217;une syllabe pour indiquer qu&#8217;il s&#8217;agit d&#8217;une voyelle longue ou d&#8217;une syllabe longue.<br \/>\nSous-entr\u00e9e(s)\u00a0:<br \/>\nsynonyme(s)<br \/>\n<em>trait sup\u00e9rieur<\/em>\u00a0n. m.<br \/>\n<strong>Note(s):<\/strong><br \/>\nDans le clavier normalis\u00e9 CAN\/CSA Z243.200-92 utilisant les pictogrammes ISO 9995-7, le macron (\u00af) est situ\u00e9 sur la touche C c\u00e9dille, \u00e0 gauche de la touche Retour.<br \/>\n[Office de la langue fran\u00e7aise,\u00a01998]<\/blockquote>\n<\/li>\n<li>En castell\u00e0-espanyol, no apareix en els diccionaris habituals; el recull Mart\u00ednez de Sousa (<span class=\"versaleta\"><em>ooea<\/em><\/span>, 10.4) quan tracta els signes diacr\u00edtics. L&#8217;escriu amb redona i com a paraula plana: \u00abmacron\u00bb, encara que tamb\u00e9 hi ha qui la fa aguda i l&#8217;escriu \u00abmacr\u00f3n\u00bb (veg. <em>Los sonidos del espa\u00f1ol<\/em> de Jos\u00e9 Ignacio Hualde; consulta: <a href=\"https:\/\/books.google.es\/books?id=1a3CAQAAQBAJ&amp;pg=PA242&amp;dq=macron+%22vocal+larga%22&amp;hl=ca&amp;sa=X&amp;ved=2ahUKEwjCrO_EgpHtAhWj3OAKHe4hCVAQ6AEwBnoECAQQAg#v=onepage&amp;q=macr%C3%B3n&amp;f=false\" target=\"_blank\" rel=\"noopener noreferrer\">20.11.2020<\/a>).<\/li>\n<\/ol>\n","protected":false},"excerpt":{"rendered":"<p>Es tracta d&#8217;un terme d&#8217;origen grec. Encara no apareix en els diccionaris generals. \u00c9s el nom d&#8217;un signe diacr\u00edtic (\u00af) que indica que una vocal \u00e9s llarga. Vocals llargues: \u0100 \u0101 \u0112 \u0113 \u012a \u012b \u014c \u014d \u016a \u016b Hem trobat la forma m\u00e0cron Josep M. Pujol en \u00abL&#8217;escriptura tipogr\u00e0fica, 1. La font digital\u00bb: Les [&hellip;]<\/p>\n","protected":false},"author":1,"featured_media":0,"comment_status":"open","ping_status":"open","sticky":false,"template":"","format":"standard","meta":{"footnotes":""},"categories":[11],"tags":[17,13,61,53,47],"class_list":["post-3475","post","type-post","status-publish","format-standard","hentry","category-lletra-m","tag-lexic","tag-neologia","tag-ortografia","tag-revisions","tag-termcat"],"post_mailing_queue_ids":[],"_links":{"self":[{"href":"https:\/\/www.cdlpv.org\/fitxes\/wp-json\/wp\/v2\/posts\/3475","targetHints":{"allow":["GET"]}}],"collection":[{"href":"https:\/\/www.cdlpv.org\/fitxes\/wp-json\/wp\/v2\/posts"}],"about":[{"href":"https:\/\/www.cdlpv.org\/fitxes\/wp-json\/wp\/v2\/types\/post"}],"author":[{"embeddable":true,"href":"https:\/\/www.cdlpv.org\/fitxes\/wp-json\/wp\/v2\/users\/1"}],"replies":[{"embeddable":true,"href":"https:\/\/www.cdlpv.org\/fitxes\/wp-json\/wp\/v2\/comments?post=3475"}],"version-history":[{"count":8,"href":"https:\/\/www.cdlpv.org\/fitxes\/wp-json\/wp\/v2\/posts\/3475\/revisions"}],"predecessor-version":[{"id":3547,"href":"https:\/\/www.cdlpv.org\/fitxes\/wp-json\/wp\/v2\/posts\/3475\/revisions\/3547"}],"wp:attachment":[{"href":"https:\/\/www.cdlpv.org\/fitxes\/wp-json\/wp\/v2\/media?parent=3475"}],"wp:term":[{"taxonomy":"category","embeddable":true,"href":"https:\/\/www.cdlpv.org\/fitxes\/wp-json\/wp\/v2\/categories?post=3475"},{"taxonomy":"post_tag","embeddable":true,"href":"https:\/\/www.cdlpv.org\/fitxes\/wp-json\/wp\/v2\/tags?post=3475"}],"curies":[{"name":"wp","href":"https:\/\/api.w.org\/{rel}","templated":true}]}}