{"id":3409,"date":"2020-10-27T20:30:44","date_gmt":"2020-10-27T18:30:44","guid":{"rendered":"https:\/\/www.cdlpv.org\/fitxes\/?p=3409"},"modified":"2020-10-27T15:12:22","modified_gmt":"2020-10-27T13:12:22","slug":"gasistic","status":"publish","type":"post","link":"https:\/\/www.cdlpv.org\/fitxes\/gasistic\/","title":{"rendered":"gas\u00edstic -ca"},"content":{"rendered":"<ol>\n<li>L&#8217;adjectiu <em>gas\u00edstic -ca <\/em>no apareix en els diccionaris habituals. S&#8217;ha posat de moda actualment (novembre 2008) a causa de les pol\u00edtiques de fusi\u00f3 i expansi\u00f3 empresarials en el sector del gas i les energies:<br \/>\n<blockquote><p>\u00abAl Per\u00fa, la situaci\u00f3 \u00e9s particularment desesperada. El govern permet que empreses petrolieres i <strong>gas\u00edstiques<\/strong> com Repsol YPF explotin terres que pertanyen a indis a\u00efllats i que llenyataires il\u00b7legals envaeixin altres zones habitades pels indis\u00bb, denuncia David Hill, membre del departament de Campanyes i Recerca de Survival International.<\/p>\n<div align=\"right\">(<em>Avui<\/em>, 20.08.2008)<\/div>\n<\/blockquote>\n<p>Fins i tot s&#8217;ha substantivat per a designar empreses de gas (tamb\u00e9 s&#8217;ha introdu\u00eft <em>gasista<\/em> amb este sentit):<\/p>\n<blockquote><p>El president de l&#8217;el\u00e8ctrica espanyola, Manuel Pizarro, ha demostrat que la proximitat al poder -al Poder, en maj\u00fascula- \u00e9s molt m\u00e9s efectiva que la complicitat puntual amb el govern de l&#8217;Estat, que ha estat l&#8217;arma amb qu\u00e8 comptava el de la <strong>gas\u00edstica<\/strong> catalana, Antoni Brufau.<\/p>\n<div align=\"right\">(<em>Avui<\/em>, 18.02.2007)<\/div>\n<\/blockquote>\n<p>Pel que fa a <em>gasista<\/em>, el Cercaterm l&#8217;est\u00e0 estudiant per a designar &#8216;relatiu o pertanyent al gas&#8217; i &#8216;operari que t\u00e9 per ofici la col\u00b7locaci\u00f3 i reparaci\u00f3 dels aparells que funcionen amb gas&#8217;. En canvi, no ha arreplegat encara <em>gas\u00edstic -ca<\/em>.<br \/>\nPel que fa a l&#8217;adjectiu <em>gasista<\/em>, el dnv s\u00ed que l&#8217;ha arreplegat (consulta: 27.10.2020):<\/p>\n<blockquote><p><strong>gasista<\/strong> (o <strong>gasiste -a<\/strong>)<br \/>\n<strong>1.<\/strong> <em>m.<\/em> i <em>f. PROF.<\/em> Persona que treballa en una f\u00e0brica de gas.<br \/>\n<strong>2.<\/strong> <em>m.<\/em> i <em>f. PROF.<\/em> Distribu\u00efdor de gas.<\/p><\/blockquote>\n<hr \/>\n<\/li>\n<li>En castell\u00e0, apareixen <em>gas\u00edfero -ra, gasista<\/em> i <em>gas\u00edstico -ca<\/em> en el <span class=\"versaleta\"><em>gduea<\/em><\/span>:<br \/>\n<blockquote><p><strong>gas\u00edfero -ra<\/strong> Relativo a la producci\u00f3n de gas: <span class=\"exemple\">La empresa participa en proyectos petrol\u00edferos y gas\u00edferos. Mercado gas\u00edfero.<\/span><br \/>\n<span class=\"versaleta\">Sin<\/span> Gasista, gas\u00edstico.<\/p>\n<p><strong>gasista I.<\/strong> <em>adj<\/em> Relacionado con el gas: <span class=\"exemple\">Empresas gasistas<\/span>. <strong>II.<\/strong> <em>s\/m, f<\/em> Persona especializada en instalaciones y servicios relacionados con el gas.<br \/>\n<span class=\"versaleta\">Sin<\/span> <strong>I.<\/strong> Gas\u00edfero. <strong>II.<\/strong> Gas\u00edstico, gas\u00edfero.<\/p>\n<p><strong>gas\u00edstico -ca<\/strong> <em>adj<\/em> Relacionado con el gas: <span class=\"exemple\">Red gas\u00edstica nacional<\/span>.<br \/>\n<span class=\"versaleta\">Sin<\/span> Gasista, gas\u00edfero.<\/p><\/blockquote>\n<\/li>\n<\/ol>\n","protected":false},"excerpt":{"rendered":"<p>L&#8217;adjectiu gas\u00edstic -ca no apareix en els diccionaris habituals. S&#8217;ha posat de moda actualment (novembre 2008) a causa de les pol\u00edtiques de fusi\u00f3 i expansi\u00f3 empresarials en el sector del gas i les energies: \u00abAl Per\u00fa, la situaci\u00f3 \u00e9s particularment desesperada. El govern permet que empreses petrolieres i gas\u00edstiques com Repsol YPF explotin terres que [&hellip;]<\/p>\n","protected":false},"author":1,"featured_media":0,"comment_status":"open","ping_status":"open","sticky":false,"template":"","format":"standard","meta":{"footnotes":""},"categories":[41],"tags":[49,17,108,13,53],"class_list":["post-3409","post","type-post","status-publish","format-standard","hentry","category-lletra-g","tag-adjectius","tag-lexic","tag-morfologia","tag-neologia","tag-revisions"],"post_mailing_queue_ids":[],"_links":{"self":[{"href":"https:\/\/www.cdlpv.org\/fitxes\/wp-json\/wp\/v2\/posts\/3409","targetHints":{"allow":["GET"]}}],"collection":[{"href":"https:\/\/www.cdlpv.org\/fitxes\/wp-json\/wp\/v2\/posts"}],"about":[{"href":"https:\/\/www.cdlpv.org\/fitxes\/wp-json\/wp\/v2\/types\/post"}],"author":[{"embeddable":true,"href":"https:\/\/www.cdlpv.org\/fitxes\/wp-json\/wp\/v2\/users\/1"}],"replies":[{"embeddable":true,"href":"https:\/\/www.cdlpv.org\/fitxes\/wp-json\/wp\/v2\/comments?post=3409"}],"version-history":[{"count":3,"href":"https:\/\/www.cdlpv.org\/fitxes\/wp-json\/wp\/v2\/posts\/3409\/revisions"}],"predecessor-version":[{"id":3417,"href":"https:\/\/www.cdlpv.org\/fitxes\/wp-json\/wp\/v2\/posts\/3409\/revisions\/3417"}],"wp:attachment":[{"href":"https:\/\/www.cdlpv.org\/fitxes\/wp-json\/wp\/v2\/media?parent=3409"}],"wp:term":[{"taxonomy":"category","embeddable":true,"href":"https:\/\/www.cdlpv.org\/fitxes\/wp-json\/wp\/v2\/categories?post=3409"},{"taxonomy":"post_tag","embeddable":true,"href":"https:\/\/www.cdlpv.org\/fitxes\/wp-json\/wp\/v2\/tags?post=3409"}],"curies":[{"name":"wp","href":"https:\/\/api.w.org\/{rel}","templated":true}]}}