{"id":3403,"date":"2020-10-27T20:30:33","date_gmt":"2020-10-27T18:30:33","guid":{"rendered":"https:\/\/www.cdlpv.org\/fitxes\/?p=3403"},"modified":"2020-10-27T15:11:01","modified_gmt":"2020-10-27T13:11:01","slug":"gasointensiu","status":"publish","type":"post","link":"https:\/\/www.cdlpv.org\/fitxes\/gasointensiu\/","title":{"rendered":"gasointensiu -iva"},"content":{"rendered":"<p>Este adjectiu no apareix encara en els diccionaris. Pret\u00e9n qualificar els consumidors intensius de gas (solen ser ind\u00fastries).<\/p>\n<p>No t\u00e9 un \u00fas molt est\u00e9s encara, i \u00e9s possible que no arribe a quallar, per\u00f2 aix\u00f2 no hauria d&#8217;evitar que la normativa complixca la funci\u00f3 de permetre predir, seguint els criteris m\u00e9s generals possibles, la forma m\u00e9s preferible d&#8217;eixa paraula. Aplicant el criteri amb qu\u00e8 s&#8217;han creat altres paraules derivades que fan refer\u00e8ncia al gas (com ara\u00a0<em>gas\u00f2metre, gasoducte&#8230;<\/em>), s&#8217;ha elegit el procediment habitual de composici\u00f3 amb la vocal de suport <em>(-o)<\/em> i l&#8217;adjectiu.<\/p>\n<p>Amb tot, el Cercaterm (27.10.2020) preferix per ara mantindre el sintagma <em>consumidor intensiu de gas:<\/em><\/p>\n<blockquote><p>En catal\u00e0, tenim <em>gaso<\/em>-\/<em>gasi<\/em>&#8211; com a forma prefixada del mot <em>gas<\/em>: per tant, podr\u00edem fer tant <em>gasointensiu <\/em>com <em>gasiintensiu<\/em>.<br \/>\nNo recomanem, per\u00f2, l&#8217;\u00fas d&#8217;aquestes formes: tenen una formaci\u00f3 dubtosa que sem\u00e0nticament no acaba de ser adequada. Considerem que \u00e9s un adjectiu no necessari: en la major part de contextos en qu\u00e8 s&#8217;usa \u00e9s recomanable utilitzar formes com ara \u00abconsumidor intensiu de gas\u00bb.<\/p><\/blockquote>\n<p>\u00c9s possible que no siga necessari, per\u00f2 ha de ser previsible per al cas que la societat vullga utilitzar eixe procediment de creaci\u00f3 de paraules. Per tant, ser\u00e0 bo seguir el model d&#8217;altres composts semblants, com ara <em>electrointensiu <\/em>(tamb\u00e9 en proc\u00e9s d&#8217;extensi\u00f3)<em>, <\/em>cosa que podem documentar que ha passat tant en castell\u00e0 <em>(gasointensivo -va) <\/em>com en franc\u00e9s <em>(gazo-intensif -ive\/gazointensif -ive).<\/em><\/p>\n","protected":false},"excerpt":{"rendered":"<p>Este adjectiu no apareix encara en els diccionaris. Pret\u00e9n qualificar els consumidors intensius de gas (solen ser ind\u00fastries). No t\u00e9 un \u00fas molt est\u00e9s encara, i \u00e9s possible que no arribe a quallar, per\u00f2 aix\u00f2 no hauria d&#8217;evitar que la normativa complixca la funci\u00f3 de permetre predir, seguint els criteris m\u00e9s generals possibles, la forma [&hellip;]<\/p>\n","protected":false},"author":1,"featured_media":0,"comment_status":"open","ping_status":"open","sticky":false,"template":"","format":"standard","meta":{"footnotes":""},"categories":[41],"tags":[49,17,108,13],"class_list":["post-3403","post","type-post","status-publish","format-standard","hentry","category-lletra-g","tag-adjectius","tag-lexic","tag-morfologia","tag-neologia"],"post_mailing_queue_ids":[],"_links":{"self":[{"href":"https:\/\/www.cdlpv.org\/fitxes\/wp-json\/wp\/v2\/posts\/3403","targetHints":{"allow":["GET"]}}],"collection":[{"href":"https:\/\/www.cdlpv.org\/fitxes\/wp-json\/wp\/v2\/posts"}],"about":[{"href":"https:\/\/www.cdlpv.org\/fitxes\/wp-json\/wp\/v2\/types\/post"}],"author":[{"embeddable":true,"href":"https:\/\/www.cdlpv.org\/fitxes\/wp-json\/wp\/v2\/users\/1"}],"replies":[{"embeddable":true,"href":"https:\/\/www.cdlpv.org\/fitxes\/wp-json\/wp\/v2\/comments?post=3403"}],"version-history":[{"count":3,"href":"https:\/\/www.cdlpv.org\/fitxes\/wp-json\/wp\/v2\/posts\/3403\/revisions"}],"predecessor-version":[{"id":3408,"href":"https:\/\/www.cdlpv.org\/fitxes\/wp-json\/wp\/v2\/posts\/3403\/revisions\/3408"}],"wp:attachment":[{"href":"https:\/\/www.cdlpv.org\/fitxes\/wp-json\/wp\/v2\/media?parent=3403"}],"wp:term":[{"taxonomy":"category","embeddable":true,"href":"https:\/\/www.cdlpv.org\/fitxes\/wp-json\/wp\/v2\/categories?post=3403"},{"taxonomy":"post_tag","embeddable":true,"href":"https:\/\/www.cdlpv.org\/fitxes\/wp-json\/wp\/v2\/tags?post=3403"}],"curies":[{"name":"wp","href":"https:\/\/api.w.org\/{rel}","templated":true}]}}