{"id":3388,"date":"2020-10-23T20:30:16","date_gmt":"2020-10-23T18:30:16","guid":{"rendered":"https:\/\/www.cdlpv.org\/fitxes\/?p=3388"},"modified":"2020-11-06T11:29:46","modified_gmt":"2020-11-06T09:29:46","slug":"cara-sols-els","status":"publish","type":"post","link":"https:\/\/www.cdlpv.org\/fitxes\/cara-sols-els\/","title":{"rendered":"Cara-sols, els"},"content":{"rendered":"<figure id=\"attachment_3389\" aria-describedby=\"caption-attachment-3389\" style=\"width: 246px\" class=\"wp-caption alignleft\"><a href=\"https:\/\/www.cdlpv.org\/fitxes\/wp-content\/uploads\/2020\/10\/Cara-sols.png\"><img loading=\"lazy\" decoding=\"async\" class=\"wp-image-3389 size-medium\" src=\"https:\/\/www.cdlpv.org\/fitxes\/wp-content\/uploads\/2020\/10\/Cara-sols-246x300.png\" alt=\"Els Cara-sols\" width=\"246\" height=\"300\" srcset=\"https:\/\/www.cdlpv.org\/fitxes\/wp-content\/uploads\/2020\/10\/Cara-sols-246x300.png 246w, https:\/\/www.cdlpv.org\/fitxes\/wp-content\/uploads\/2020\/10\/Cara-sols.png 372w\" sizes=\"auto, (max-width: 246px) 100vw, 246px\" \/><\/a><figcaption id=\"caption-attachment-3389\" class=\"wp-caption-text\">Partida dels Cara-sols a Riba-roja de T\u00faria.<\/figcaption><\/figure>\n<ol>\n<li>Top\u00f2nim del terme de Riba-roja de T\u00faria. El vam trobar en la <span class=\"versaleta\">gec<\/span> (s. v. <em><a href=\"http:\/\/www.enciclopedia.cat\/fitxa_v2.jsp?NDCHEC=0248438\" target=\"_blank\" rel=\"noopener noreferrer\">el Camp de T\u00faria<\/a><\/em>, maig 2009) amb una altra grafia (la van modificar tal com indica la nota):<br \/>\n<blockquote><p>El primer poblament, conegut per nombrosos jaciments, \u00e9s el de la cultura del bronze valenci\u00e0: poblats de la llometa del Tio Figueres a Benaguasil, del tossal de la Casa de Camp a Casinos, dels puntals dels Moros a N\u00e0quera, del Castellet de la Penya, del puntal de Musgany i del Portitxol a Olocau, dels <strong>Carassols<\/strong>* a Riba-roja, i d&#8217;altres.<\/p>\n<hr noshade=\"noshade\" \/>\n<p class=\"nota\"><span style=\"font-size: 12pt;\">* Marga Pradas i Garijo <span class=\"versaleta\"><em>(gec)<\/em><\/span> respon a la nostra consulta (09.07.2009): \u00abFinalment hem rebut resposta dels postres especialistes en topon\u00edmia i certament, sembla que la forma correcta \u00e9s <em>els Cara-sols<\/em>. Per tant hem procedit a fer el canvi en l\u2019article corresponent.\u00bb<\/span><\/p>\n<\/blockquote>\n<p>Com que el terme com\u00fa \u00e9s <em>cara-sol<\/em> (&#8216;solana, solell&#8217;), ho vam escriure aixina <em>(Diari de Sessions de les Corts Valencianes)<\/em>, tenint en compte altres refer\u00e8ncies topon\u00edmiques <a href=\"http:\/\/books.google.com\/books?id=U8OP4duqhkUC&amp;pg=PA150&amp;dq=cara-sols&amp;ei=Wm4eSrv_AYeyyQSXpajBCw&amp;hl=ca#PPA151,M1\" target=\"_blank\" rel=\"noopener noreferrer\">(V. Rossell\u00f3)<\/a>.<\/li>\n<li>Vicent Sanchis Mart\u00ednez (01.06.2009) ens afig una dada sobre m\u00e9s cara-sols:<br \/>\n<blockquote><p>Al Realenc (terme de X\u00e0tiva, prop de Rafelguaraf) hi ha el pla dels Cara-sols i els cara-sols de Patxarra.<\/p><\/blockquote>\n<\/li>\n<\/ol>\n","protected":false},"excerpt":{"rendered":"<p>Top\u00f2nim del terme de Riba-roja de T\u00faria. El vam trobar en la gec (s. v. el Camp de T\u00faria, maig 2009) amb una altra grafia (la van modificar tal com indica la nota): El primer poblament, conegut per nombrosos jaciments, \u00e9s el de la cultura del bronze valenci\u00e0: poblats de la llometa del Tio Figueres [&hellip;]<\/p>\n","protected":false},"author":1,"featured_media":0,"comment_status":"open","ping_status":"open","sticky":false,"template":"","format":"standard","meta":{"footnotes":""},"categories":[14],"tags":[53,57],"class_list":["post-3388","post","type-post","status-publish","format-standard","hentry","category-lletra-c","tag-revisions","tag-toponimia"],"post_mailing_queue_ids":[],"_links":{"self":[{"href":"https:\/\/www.cdlpv.org\/fitxes\/wp-json\/wp\/v2\/posts\/3388","targetHints":{"allow":["GET"]}}],"collection":[{"href":"https:\/\/www.cdlpv.org\/fitxes\/wp-json\/wp\/v2\/posts"}],"about":[{"href":"https:\/\/www.cdlpv.org\/fitxes\/wp-json\/wp\/v2\/types\/post"}],"author":[{"embeddable":true,"href":"https:\/\/www.cdlpv.org\/fitxes\/wp-json\/wp\/v2\/users\/1"}],"replies":[{"embeddable":true,"href":"https:\/\/www.cdlpv.org\/fitxes\/wp-json\/wp\/v2\/comments?post=3388"}],"version-history":[{"count":1,"href":"https:\/\/www.cdlpv.org\/fitxes\/wp-json\/wp\/v2\/posts\/3388\/revisions"}],"predecessor-version":[{"id":3390,"href":"https:\/\/www.cdlpv.org\/fitxes\/wp-json\/wp\/v2\/posts\/3388\/revisions\/3390"}],"wp:attachment":[{"href":"https:\/\/www.cdlpv.org\/fitxes\/wp-json\/wp\/v2\/media?parent=3388"}],"wp:term":[{"taxonomy":"category","embeddable":true,"href":"https:\/\/www.cdlpv.org\/fitxes\/wp-json\/wp\/v2\/categories?post=3388"},{"taxonomy":"post_tag","embeddable":true,"href":"https:\/\/www.cdlpv.org\/fitxes\/wp-json\/wp\/v2\/tags?post=3388"}],"curies":[{"name":"wp","href":"https:\/\/api.w.org\/{rel}","templated":true}]}}