{"id":3379,"date":"2020-10-07T20:30:25","date_gmt":"2020-10-07T18:30:25","guid":{"rendered":"https:\/\/www.cdlpv.org\/fitxes\/?p=3379"},"modified":"2020-11-09T14:39:54","modified_gmt":"2020-11-09T12:39:54","slug":"empoderament","status":"publish","type":"post","link":"https:\/\/www.cdlpv.org\/fitxes\/empoderament\/","title":{"rendered":"empoderament"},"content":{"rendered":"<ol>\n<li>Actualment, podem trobar que, en els \u00e0mbits de la sociologia, l&#8217;educaci\u00f3, les relacions laborals, etc., la paraula <em>apoderament<\/em> \u00e9s un sin\u00f2nim complementari de la forma considerada principal, <em>empoderament<\/em> (veg. Termcat: <em><a href=\"https:\/\/www.termcat.cat\/ca\/neoloteca\/fitxa\/NDI2MzA5Mw%3D%3D\" target=\"_blank\" rel=\"noopener noreferrer\">empoderar<\/a>, <\/em><em><a href=\"https:\/\/www.termcat.cat\/ca\/neoloteca\/search\/apoderament?type=basic&amp;language=&amp;condition=match\" target=\"_blank\" rel=\"noopener noreferrer\">empoderament<\/a><\/em>; consulta: 09.11.2020). Es dona la mateixa situaci\u00f3 per als verbs <em>apoderar<\/em> i\u00a0<em>empoderar.<\/em> En el <span class=\"versaleta\"><em>dnv<\/em><\/span> (consulta: 07.10.2020) podem trobar les remissions i accepcions seg\u00fcents:<br \/>\n<blockquote><p><a href=\"http:\/\/www.avl.gva.es\/lexicval\/?paraula=apoderament\" target=\"_blank\" rel=\"noopener noreferrer\"><strong>apoderament<\/strong><\/a> [&#8230;] <strong>2.<\/strong> <em>m.<\/em> <em>SOCIOL.<\/em> Empoderament.<br \/>\n<a href=\"http:\/\/www.avl.gva.es\/lexicval\/?paraula=apoderar\" target=\"_blank\" rel=\"noopener noreferrer\"><strong>apoderar<\/strong><\/a> [&#8230;] <strong>3.<\/strong> <em>v. tr.<\/em> i <em>pron.<\/em> SOCIOL. Empoderar.<br \/>\n<a href=\"http:\/\/www.avl.gva.es\/lexicval\/?paraula=empoderament\" target=\"_blank\" rel=\"noopener noreferrer\"><strong>empoderament<\/strong><\/a>\u00a0<em>m. SOCIOL.<\/em> Acci\u00f3 o efecte d&#8217;empoderar.<br \/>\n<a href=\"http:\/\/www.avl.gva.es\/lexicval\/?paraula=empoderar\" target=\"_blank\" rel=\"noopener noreferrer\"><strong>empoderar<\/strong><\/a> [&#8230;] <em>v. tr.<\/em> i <em>pron. SOCIOL.<\/em> Fer que (una persona o un grup social) adquirisquen els mitjans necessaris per a enfortir el seu potencial en termes econ\u00f2mics, pol\u00edtics, socials o laborals.<\/p><\/blockquote>\n<p>Vist aix\u00f2, conv\u00e9 constatar \u2014seguint el comentari que ha enviat d&#8217;Albert Pla\u2014 que el <span class=\"versaleta\"><em>diec<\/em> <\/span>ha adm\u00e9s <em>empoderar<\/em> i <em>empoderament<\/em> (maig 2020; consulta: <a href=\"https:\/\/dlc.iec.cat\/pdf\/esmenesMaig2020.pdf\" target=\"_blank\" rel=\"noopener noreferrer\">09.11.2020<\/a>) sense haver arribat a incloure la possibilitat d&#8217;utilitzar <em>apoderar<\/em> i <em>apoderament<\/em> per a estes accepcions. Per tant, de manera compartida i progressiva (<span class=\"versaleta\"><em>dnv,<\/em><\/span> Termcat) o de manera excloent i immediata <em>(<span class=\"versaleta\">diec, <a href=\"https:\/\/www.enciclopedia.cat\/search\/obrad\/GDLC\/empoderar\" target=\"_blank\" rel=\"noopener noreferrer\">gdlc<\/a><\/span>),<\/em> les formes <em>empoderar<\/em> i <em>empoderament<\/em> s\u00f3n les que cal considerar preferents.<\/li>\n<li>El terme <i>empoderament<\/i> fa temps que corre. El 30 de gener del 2001 vam fer una consulta al Termcat sobre esta paraula i mos recomanaven, com a soluci\u00f3 provisional, l&#8217;acceptaci\u00f3 del terme, a l&#8217;espera d&#8217;una decisi\u00f3. Posteriorment, si entraves al Termcat, podies comprovar que finalment l&#8217;havien desestimada. En lloc seu recomanaven <i>apoderament. <\/i>Per exemple:<br \/>\n<blockquote>\n<ul>\n<li>(Neoloteca) [Sociologia] ca <i>apoderament<\/i>, m \/ es <i>capacitaci\u00f3n<\/i>, <i>empoderamiento<\/i>, <i>fortalecimiento<\/i>, <i>potenciaci\u00f3n<\/i> \/ fr <i>appropiation de ses pouvoirs<\/i>, <i>autonomisation<\/i>, <i>renforcement du pouvoir<\/i> \/ en <i>empowerment<\/i> \/\/ Proc\u00e9s pel qual una persona o un grup social adquireix o rep els mitjans per enfortir el seu potencial en termes econ\u00f2mics, pol\u00edtics o socials.<br \/>\nTerme desestimat: <i>empoderament<\/i>.<\/li>\n<li>(Neoloteca) [Economia. Empresa] ca <i>apoderament<\/i>, m \/ es <i>capacitaci\u00f3n<\/i>, <i>empoderamiento<\/i>, <i>fortalecimiento<\/i>, <i>potenciaci\u00f3n<\/i> \/ fr <i>appropiation de ses pouvoirs<\/i>, <i>autonomisation<\/i>, <i>renforcement du pouvoir<\/i> \/ en <i>empowerment<\/i> Estrat\u00e8gia de motivaci\u00f3 i promoci\u00f3 en el treball que consisteix en la delegaci\u00f3 o transmissi\u00f3 de poder de decisi\u00f3 als col\u00b7laboradors perqu\u00e8 se sentin m\u00e9s implicats en l&#8217;activitat de l&#8217;empresa.<br \/>\nTerme desestimat: <i>empoderament<\/i>.<\/li>\n<\/ul>\n<\/blockquote>\n<\/li>\n<li>L&#8217;\u00fas del verb corresponent, que existix en angl\u00e9s (<i>empower)<\/i>, ha plantejat alguns dubtes \u2014com mos indica Imma Sim\u00f3n (11.11.2003)\u2014, i la resposta del Cercaterm (11.11.2003) ha segut:<br \/>\n<blockquote><p>Efectivament, es va normalitzar <i>apoderament<\/i> per a <i>empowerment<\/i>, amb la definici\u00f3 \u00abproc\u00e9s pel qual una persona o un grup social adquireix o rep els mitjans per enfortir el seu potencial en termes econ\u00f2mics, pol\u00edtics o socials.\u00bb La forma verbal corresponent no es va tractar perqu\u00e8 no tenia un \u00fas tan habitual i fixat com el substantiu, i la seva traducci\u00f3 no era motiu de confusi\u00f3. S&#8217;ent\u00e9n per\u00f2 que l&#8217;\u00fas del verb amb el mateix sentit pot prendre <i>apoderar<\/i>, forma ja recollida en el <span class=\"versaleta\"><em>diec<\/em><\/span>: \u00abatorgar poders a alg\u00fa\u00bb. De totes maneres, en alguns contextos sembla m\u00e9s habitual i entenedor utilitzar la forma <i>donar poder a<\/i> o <i>enfortir<\/i>.<\/p><\/blockquote>\n<\/li>\n<\/ol>\n","protected":false},"excerpt":{"rendered":"<p>Actualment, podem trobar que, en els \u00e0mbits de la sociologia, l&#8217;educaci\u00f3, les relacions laborals, etc., la paraula apoderament \u00e9s un sin\u00f2nim complementari de la forma considerada principal, empoderament (veg. Termcat: empoderar, empoderament; consulta: 09.11.2020). Es dona la mateixa situaci\u00f3 per als verbs apoderar i\u00a0empoderar. En el dnv (consulta: 07.10.2020) podem trobar les remissions i accepcions [&hellip;]<\/p>\n","protected":false},"author":1,"featured_media":0,"comment_status":"open","ping_status":"open","sticky":false,"template":"","format":"standard","meta":{"footnotes":""},"categories":[30],"tags":[17,13,53,149,85],"class_list":["post-3379","post","type-post","status-publish","format-standard","hentry","category-lletra-e","tag-lexic","tag-neologia","tag-revisions","tag-sexisme","tag-sociologia"],"post_mailing_queue_ids":[],"_links":{"self":[{"href":"https:\/\/www.cdlpv.org\/fitxes\/wp-json\/wp\/v2\/posts\/3379","targetHints":{"allow":["GET"]}}],"collection":[{"href":"https:\/\/www.cdlpv.org\/fitxes\/wp-json\/wp\/v2\/posts"}],"about":[{"href":"https:\/\/www.cdlpv.org\/fitxes\/wp-json\/wp\/v2\/types\/post"}],"author":[{"embeddable":true,"href":"https:\/\/www.cdlpv.org\/fitxes\/wp-json\/wp\/v2\/users\/1"}],"replies":[{"embeddable":true,"href":"https:\/\/www.cdlpv.org\/fitxes\/wp-json\/wp\/v2\/comments?post=3379"}],"version-history":[{"count":4,"href":"https:\/\/www.cdlpv.org\/fitxes\/wp-json\/wp\/v2\/posts\/3379\/revisions"}],"predecessor-version":[{"id":3452,"href":"https:\/\/www.cdlpv.org\/fitxes\/wp-json\/wp\/v2\/posts\/3379\/revisions\/3452"}],"wp:attachment":[{"href":"https:\/\/www.cdlpv.org\/fitxes\/wp-json\/wp\/v2\/media?parent=3379"}],"wp:term":[{"taxonomy":"category","embeddable":true,"href":"https:\/\/www.cdlpv.org\/fitxes\/wp-json\/wp\/v2\/categories?post=3379"},{"taxonomy":"post_tag","embeddable":true,"href":"https:\/\/www.cdlpv.org\/fitxes\/wp-json\/wp\/v2\/tags?post=3379"}],"curies":[{"name":"wp","href":"https:\/\/api.w.org\/{rel}","templated":true}]}}