{"id":3322,"date":"2020-08-21T10:30:56","date_gmt":"2020-08-21T08:30:56","guid":{"rendered":"https:\/\/www.cdlpv.org\/fitxes\/?p=3322"},"modified":"2020-09-29T09:08:38","modified_gmt":"2020-09-29T07:08:38","slug":"favaloi","status":"publish","type":"post","link":"https:\/\/www.cdlpv.org\/fitxes\/favaloi\/","title":{"rendered":"favaloi"},"content":{"rendered":"<p>L&#8217;escriptor <a href=\"https:\/\/ca.wikipedia.org\/wiki\/Josep_Lozano_i_Lerma\" target=\"_blank\" rel=\"noopener noreferrer\">Josep Lozano<\/a> proposa incorporar la paraula <em>favaloi<\/em>, que ha descobert gr\u00e0cies a <a href=\"https:\/\/ca.wikipedia.org\/wiki\/Enric_Lluch_i_Girb%C3%A9s\" target=\"_blank\" rel=\"noopener noreferrer\">Enric Lluch<\/a>. Segons Josep Lozano, la paraula fa refer\u00e8ncia \u00aba una persona de f\u00e0cil sensibilitat, poc exigent\u00bb. Podem confirmar eixa accepci\u00f3 en la <a href=\"https:\/\/www.bullent.net\/ficheros\/libros\/gat40.pdf\" target=\"_blank\" rel=\"noopener noreferrer\">proposta did\u00e0ctica<\/a> del llibre d&#8217;Enric Lluch (2013) <em>Els xiquets de la gorra, <\/em>on Isabel Fuertes proposa la definici\u00f3 seg\u00fcent: \u00abpersona que no t\u00e9 car\u00e0cter i \u00e9s poc decidida\u00bb.<\/p>\n<p>A m\u00e9s, en la <a href=\"https:\/\/www.andana.net\/media\/andana\/files\/book-attachment-1970.pdf\" target=\"_blank\" rel=\"noopener noreferrer\">proposta did\u00e0ctica<\/a> del llibre d&#8217;Enric Lluch (2009) <em>\u00c0nimes de cot\u00f3 en p\u00e8l, <\/em>Vicent J. Climent utilitza una expressi\u00f3 del llibre que amplia l&#8217;accepci\u00f3 amb ingenu\u00eftat o credulitat:<\/p>\n<figure id=\"attachment_3323\" aria-describedby=\"caption-attachment-3323\" style=\"width: 300px\" class=\"wp-caption aligncenter\"><a href=\"https:\/\/www.andana.net\/media\/andana\/files\/book-attachment-1970.pdf\" target=\"_blank\" rel=\"noopener noreferrer\"><img loading=\"lazy\" decoding=\"async\" class=\"wp-image-3323 size-medium\" src=\"https:\/\/www.cdlpv.org\/fitxes\/wp-content\/uploads\/2020\/08\/favaloi-300x137.png\" alt=\"Favaloi\" width=\"300\" height=\"137\" srcset=\"https:\/\/www.cdlpv.org\/fitxes\/wp-content\/uploads\/2020\/08\/favaloi-300x137.png 300w, https:\/\/www.cdlpv.org\/fitxes\/wp-content\/uploads\/2020\/08\/favaloi.png 545w\" sizes=\"auto, (max-width: 300px) 100vw, 300px\" \/><\/a><figcaption id=\"caption-attachment-3323\" class=\"wp-caption-text\">Bafarada extreta del llibre d&#8217;Enric Lluch (2009) <i>\u00c0nimes de cot\u00f3 en p\u00e8l<\/i>.<\/figcaption><\/figure>\n<p>En tot cas, a pesar que \u00e9s una paraula d&#8217;\u00fas ben expressiu, no l&#8217;havia localitzada ni tan sols en Algemes\u00ed, fins que una informant de l&#8217;Alc\u00fadia (Rosanna Pascual, 28.09.2020) m&#8217;ha dit que ella s\u00ed que la coneix i que era usual al seu poble, on ella trobava que tenia un cert mat\u00eds despectiu (o insultant) semblant al de <a href=\"http:\/\/www.avl.gva.es\/lexicval\/?paraula=fava\" target=\"_blank\" rel=\"noopener noreferrer\"><em>fava<\/em><\/a>. A m\u00e9s, tamb\u00e9 la coneix amb variaci\u00f3 de g\u00e8nere <em>(<\/em><em>favaloia)<\/em> i amb variants on sembla que el que \u00e9s rellevant \u00e9s el sufix:\u00a0<em>bovoloi -ia (&lt; <a href=\"http:\/\/www.avl.gva.es\/lexicval\/?paraula=bovo\" target=\"_blank\" rel=\"noopener noreferrer\">bovo -va<\/a>), aleloi -ia (&lt; <a href=\"https:\/\/dcvb.iec.cat\/results.asp?Word=alelat\" target=\"_blank\" rel=\"noopener noreferrer\">alelat -ada<\/a><\/em>)&#8230;<\/p>\n","protected":false},"excerpt":{"rendered":"<p>L&#8217;escriptor Josep Lozano proposa incorporar la paraula favaloi, que ha descobert gr\u00e0cies a Enric Lluch. Segons Josep Lozano, la paraula fa refer\u00e8ncia \u00aba una persona de f\u00e0cil sensibilitat, poc exigent\u00bb. Podem confirmar eixa accepci\u00f3 en la proposta did\u00e0ctica del llibre d&#8217;Enric Lluch (2013) Els xiquets de la gorra, on Isabel Fuertes proposa la definici\u00f3 seg\u00fcent: [&hellip;]<\/p>\n","protected":false},"author":1,"featured_media":0,"comment_status":"open","ping_status":"open","sticky":false,"template":"","format":"standard","meta":{"footnotes":""},"categories":[24],"tags":[140,17,118],"class_list":["post-3322","post","type-post","status-publish","format-standard","hentry","category-lletra-f","tag-dialectes","tag-lexic","tag-literatura"],"post_mailing_queue_ids":[],"_links":{"self":[{"href":"https:\/\/www.cdlpv.org\/fitxes\/wp-json\/wp\/v2\/posts\/3322","targetHints":{"allow":["GET"]}}],"collection":[{"href":"https:\/\/www.cdlpv.org\/fitxes\/wp-json\/wp\/v2\/posts"}],"about":[{"href":"https:\/\/www.cdlpv.org\/fitxes\/wp-json\/wp\/v2\/types\/post"}],"author":[{"embeddable":true,"href":"https:\/\/www.cdlpv.org\/fitxes\/wp-json\/wp\/v2\/users\/1"}],"replies":[{"embeddable":true,"href":"https:\/\/www.cdlpv.org\/fitxes\/wp-json\/wp\/v2\/comments?post=3322"}],"version-history":[{"count":12,"href":"https:\/\/www.cdlpv.org\/fitxes\/wp-json\/wp\/v2\/posts\/3322\/revisions"}],"predecessor-version":[{"id":3358,"href":"https:\/\/www.cdlpv.org\/fitxes\/wp-json\/wp\/v2\/posts\/3322\/revisions\/3358"}],"wp:attachment":[{"href":"https:\/\/www.cdlpv.org\/fitxes\/wp-json\/wp\/v2\/media?parent=3322"}],"wp:term":[{"taxonomy":"category","embeddable":true,"href":"https:\/\/www.cdlpv.org\/fitxes\/wp-json\/wp\/v2\/categories?post=3322"},{"taxonomy":"post_tag","embeddable":true,"href":"https:\/\/www.cdlpv.org\/fitxes\/wp-json\/wp\/v2\/tags?post=3322"}],"curies":[{"name":"wp","href":"https:\/\/api.w.org\/{rel}","templated":true}]}}