{"id":3297,"date":"2020-08-10T20:30:47","date_gmt":"2020-08-10T18:30:47","guid":{"rendered":"https:\/\/www.cdlpv.org\/fitxes\/?p=3297"},"modified":"2020-08-11T20:53:33","modified_gmt":"2020-08-11T18:53:33","slug":"bocal","status":"publish","type":"post","link":"https:\/\/www.cdlpv.org\/fitxes\/bocal\/","title":{"rendered":"bo\u00e7al"},"content":{"rendered":"<p>Adjectiu (provinent del castell\u00e0 antic <em>bozal,<\/em> &#8216;ignorant, ingenu&#8217;, inicialment) que apareix en el <em><span class=\"versaleta\">dcvb<\/span><\/em> (consulta: <a href=\"https:\/\/dcvb.iec.cat\/results.asp?Word=bo%E7al&amp;Id=24064&amp;search=bo%E7al\" target=\"_blank\" rel=\"noopener noreferrer\">10.08.2020<\/a>):<\/p>\n<blockquote><p>BO\u00c7AL m.<br \/>\n|| 1. Morral que es posa als cans perqu\u00e8 no mosseguin (Elx); cast. bozal.<br \/>\n|| 2. Negre que fa poc que \u00e9s arribat del seu pa\u00eds i encara no sap altra llengua que la seva; cast. bozal.<br \/>\n|| 3. B\u00e0rbar, tosc, inculte. \u00abQue n&#8217;ets, de bo\u00e7al!\u00bb (Aguil\u00f3 Dicc.).<br \/>\n|| 4. Malnom que es d\u00f3na als habitants de Pedreguer (Marquesat de D\u00e9nia), perqu\u00e8 s\u00f3n molt senzills, mancats de cultura i amb reminisc\u00e8ncies mallorquines en llur llenguatge, per tal com s\u00f3n descendents de pobladors mallorquins (Mart\u00ed G., Tip. mod. i, 29).<br \/>\nEtim.: del cast. bozal.<\/p><\/blockquote>\n<p>A pesar que indica que nom\u00e9s \u00e9s un substantiu mascul\u00ed, en les accepcions 2 i 4 fa funci\u00f3 d&#8217;adjectiu. Podem trobar que tenia un sentit tamb\u00e9 relacionat amb la \u00abignor\u00e0ncia\u00bb de la religi\u00f3 cat\u00f2lica:<\/p>\n<blockquote><p>Y vent a\u00e7\u00f2, que se amoynyava una dona que venia en la negra, dix al dit mos\u00e9n R\u00favio que mir\u00e0s que entenia que aquella negra no creya ella que era batechada, sin\u00f3 que era\u00a0bo\u00e7al.<\/p>\n<div align=\"right\">(<em>Dietari (1585-1629)<\/em> de Pere Joan Porcar, apunt 944, segons l&#8217;edici\u00f3 de Josep Lozano, 2012; veg. <a href=\"https:\/\/books.google.es\/books?id=_72pB5_q_VAC&amp;pg=PA318&amp;lpg=PA318&amp;dq=negra+no+creya+ella+que+era+batechada,+sin%C3%B3+que+era&amp;source=bl&amp;ots=WO40q8lZ8k&amp;sig=ACfU3U2QsDc72CQIWRedW_c0Pl2BIZnssw&amp;hl=ca&amp;sa=X&amp;ved=2ahUKEwiGl_P1iJHrAhWK8eAKHQHrDpMQ6AEwCHoECAoQAQ#v=onepage&amp;q&amp;f=false\" target=\"_blank\" rel=\"noopener noreferrer\">Google Llibres<\/a>)<\/div>\n<\/blockquote>\n<p>Faig la recerca, perqu\u00e8 apareix l&#8217;adjectiu en l&#8217;article \u00abUna biografia exemplar: Felip Peris\u00bb de Vicent Josep Escart\u00ed (<em>Sa\u00f3,<\/em> 460, juliol del 2020), en una citaci\u00f3 de Joaquim Aierdi:*<\/p>\n<blockquote><p>\u00c9s precisament moss\u00e9n Joaquim Aierdi, beneficiat de la Seu i memorialista, qui, al seu dietari <em>Not\u00edcies de Val\u00e8ncia<\/em>, reconta el cas de Felip Peris, \u00abmercader franc\u00e9s i molt ric\u00bb que, de jove, era \u00abun gavatxet molt bo\u00e7al i barraquer de les barraques del Mercat\u00bb.<\/p><\/blockquote>\n<p>En este cas supose que es devia tractar de l&#8217;accepci\u00f3 3 del <span class=\"versaleta\"><em>dcvb<\/em><\/span>.<\/p>\n<div class=\"su-note\"  style=\"border-color:#e5e54c;border-radius:3px;-moz-border-radius:3px;-webkit-border-radius:3px;\"><div class=\"su-note-inner su-u-clearfix su-u-trim\" style=\"background-color:#FFFF66;border-color:#ffffff;color:#333333;border-radius:3px;-moz-border-radius:3px;-webkit-border-radius:3px;\"> * Sobre Aierdi i el seu dietari, podem llegir <a href=\"https:\/\/www.raco.cat\/index.php\/Caplletra\/article\/view\/284702\/372571\" target=\"_blank\" rel=\"noopener noreferrer\">en l\u00ednia<\/a> un article de Josep Vicent Escart\u00ed en la revista <em>Caplletra,<\/em> n\u00famero 31, any 2001.<\/div><\/div>\n","protected":false},"excerpt":{"rendered":"<p>Adjectiu (provinent del castell\u00e0 antic bozal, &#8216;ignorant, ingenu&#8217;, inicialment) que apareix en el dcvb (consulta: 10.08.2020): BO\u00c7AL m. || 1. Morral que es posa als cans perqu\u00e8 no mosseguin (Elx); cast. bozal. || 2. Negre que fa poc que \u00e9s arribat del seu pa\u00eds i encara no sap altra llengua que la seva; cast. bozal. [&hellip;]<\/p>\n","protected":false},"author":1,"featured_media":0,"comment_status":"open","ping_status":"open","sticky":false,"template":"","format":"standard","meta":{"footnotes":""},"categories":[28],"tags":[49,113,17],"class_list":["post-3297","post","type-post","status-publish","format-standard","hentry","category-lletra-b","tag-adjectius","tag-historia","tag-lexic"],"post_mailing_queue_ids":[],"_links":{"self":[{"href":"https:\/\/www.cdlpv.org\/fitxes\/wp-json\/wp\/v2\/posts\/3297","targetHints":{"allow":["GET"]}}],"collection":[{"href":"https:\/\/www.cdlpv.org\/fitxes\/wp-json\/wp\/v2\/posts"}],"about":[{"href":"https:\/\/www.cdlpv.org\/fitxes\/wp-json\/wp\/v2\/types\/post"}],"author":[{"embeddable":true,"href":"https:\/\/www.cdlpv.org\/fitxes\/wp-json\/wp\/v2\/users\/1"}],"replies":[{"embeddable":true,"href":"https:\/\/www.cdlpv.org\/fitxes\/wp-json\/wp\/v2\/comments?post=3297"}],"version-history":[{"count":4,"href":"https:\/\/www.cdlpv.org\/fitxes\/wp-json\/wp\/v2\/posts\/3297\/revisions"}],"predecessor-version":[{"id":3302,"href":"https:\/\/www.cdlpv.org\/fitxes\/wp-json\/wp\/v2\/posts\/3297\/revisions\/3302"}],"wp:attachment":[{"href":"https:\/\/www.cdlpv.org\/fitxes\/wp-json\/wp\/v2\/media?parent=3297"}],"wp:term":[{"taxonomy":"category","embeddable":true,"href":"https:\/\/www.cdlpv.org\/fitxes\/wp-json\/wp\/v2\/categories?post=3297"},{"taxonomy":"post_tag","embeddable":true,"href":"https:\/\/www.cdlpv.org\/fitxes\/wp-json\/wp\/v2\/tags?post=3297"}],"curies":[{"name":"wp","href":"https:\/\/api.w.org\/{rel}","templated":true}]}}